{"id":15956,"date":"2024-01-16T09:07:40","date_gmt":"2024-01-16T09:07:40","guid":{"rendered":"https:\/\/southcamper.com\/unkategorisiert\/informationen-ueber-den-wohnmobilstellplatz-von-benalmadena\/"},"modified":"2024-01-28T08:29:50","modified_gmt":"2024-01-28T08:29:50","slug":"informationen-ueber-den-wohnmobilstellplatz-von-benalmadena","status":"publish","type":"post","link":"https:\/\/southcamper.com\/de\/malaga-im-wohnmobil\/informationen-ueber-den-wohnmobilstellplatz-von-benalmadena\/","title":{"rendered":"Informationen \u00fcber den Wohnmobilstellplatz von Benalm\u00e1dena"},"content":{"rendered":"\n<p>Der <strong>Wohnmobilstellplatz Dr. Lorenzo Valderrama<\/strong> befindet sich im Stadtteil Arroyo de la Miel von Benalmadena. Der gleichnamige Strand ist in ca. 300 Metern zu erreichen. Der <strong>Stellplatz liegt im Stadtzentrum<\/strong>, wo normalerweise Stadtfeste und M\u00e4rkte stattfinden.<\/p>\n\n<p>Der Bereich ist noch recht neu aber bereits sehr beliebt, was dazu f\u00fchrt, dass die gesch\u00e4tzten <strong>25 Pl\u00e4tze f\u00fcr Wohnmobile<\/strong> schnell belegt sind. Mit Ausnahme von Dienstag Abend auf Mittwoch Abend kann man dann auf die umliegenden Fl\u00e4chen ausweichen. <\/p>\n\n<p><strong>Der Wohnmobilstellplatz in Benalmadena verf\u00fcgt \u00fcber eine Stelle zur Abwasserentsorgung<\/strong> Ebenso kann man Frischwasser tanken. Stromanschl\u00fcsse sind nicht vorhanden. <strong>Die \u00dcbernachtung ist auf drei Tage begrenzt und kostenfrei. <\/strong><\/p>\n\n<h2 class=\"wp-block-heading\"><strong>Anfahrt<\/strong><\/h2>\n\n<p>Die Anfahrt mit dem Wohnmobil erfolgt von Norden \u00fcber die AP7. Nach der Abfahrt von der Autobahn f\u00e4hrt man einige Kilometer durch den Ort mit sehr absch\u00fcssigen Stra\u00dfen. Diese sind jedoch gut ausgebaut und mit dem Wohnmobil problemlos zu befahren. Die Zufahrt von der K\u00fcste ist ebenfalls m\u00f6glich. <\/p>\n\n<p>Vorsicht: In der N\u00e4he sind viele Schulen. Gerade morgens und mittags sind viele Schulkinder unterwegs.<\/p>\n\n<p>Hier der <strong><a href=\"https:\/\/www.google.es\/maps\/place\/Area+de+Autocaravanas+Dr.+Valderrama+Benalm%C3%A1dena\/@36.593307,-4.531966,15z\/data=!4m2!3m1!1s0x0:0xec1fe8d252673000?sa=X&amp;ved=2ahUKEwjooOb9veGDAxWmVKQEHd1XCK8Q_BJ6BAhaEAA\" target=\"_blank\" rel=\"noreferrer noopener\"><u>Link zur Lokalisierung des Wohnmobilstellplatzes von Benalmadena<\/u><\/a><\/strong>.<\/p>\n\n<figure class=\"wp-block-gallery has-nested-images columns-default is-cropped wp-block-gallery-1 is-layout-flex wp-block-gallery-is-layout-flex\">\n<figure class=\"wp-block-image size-large\"><img fetchpriority=\"high\" decoding=\"async\" width=\"641\" height=\"480\" data-id=\"15906\" src=\"https:\/\/southcamper.com\/wp-content\/uploads\/2024\/01\/Area_Bealmadena5.jpg\" alt=\"Wohnmobilstellplatz von Benalmadena\" class=\"wp-image-15906\" srcset=\"https:\/\/southcamper.com\/wp-content\/uploads\/2024\/01\/Area_Bealmadena5.jpg 641w, https:\/\/southcamper.com\/wp-content\/uploads\/2024\/01\/Area_Bealmadena5-500x374.jpg 500w\" sizes=\"(max-width: 641px) 100vw, 641px\" \/><\/figure>\n\n\n\n<figure class=\"wp-block-image size-large\"><img decoding=\"async\" width=\"641\" height=\"480\" data-id=\"15911\" src=\"https:\/\/southcamper.com\/wp-content\/uploads\/2024\/01\/Area_Bealmadena4.jpg\" alt=\"Wohnmobilstellplatz von Benalmadena (Malaga)\" class=\"wp-image-15911\" srcset=\"https:\/\/southcamper.com\/wp-content\/uploads\/2024\/01\/Area_Bealmadena4.jpg 641w, https:\/\/southcamper.com\/wp-content\/uploads\/2024\/01\/Area_Bealmadena4-500x374.jpg 500w\" sizes=\"(max-width: 641px) 100vw, 641px\" \/><\/figure>\n\n\n\n<figure class=\"wp-block-image size-large\"><img decoding=\"async\" width=\"641\" height=\"480\" data-id=\"15916\" src=\"https:\/\/southcamper.com\/wp-content\/uploads\/2024\/01\/Area_Bealmadena3.jpg\" alt=\"Wohnmobilstellplatz Benalmadena\" class=\"wp-image-15916\" srcset=\"https:\/\/southcamper.com\/wp-content\/uploads\/2024\/01\/Area_Bealmadena3.jpg 641w, https:\/\/southcamper.com\/wp-content\/uploads\/2024\/01\/Area_Bealmadena3-500x374.jpg 500w\" sizes=\"(max-width: 641px) 100vw, 641px\" \/><\/figure>\n<\/figure>\n\n<h2 class=\"wp-block-heading\"><strong>Benalmadena<\/strong><\/h2>\n\n<p>Gleich neben dem Wohnmobilstellplatz in Benalmadena liegt der kleine Tierpark <strong><a href=\"https:\/\/www.selwomarina.es\/\" target=\"_blank\" rel=\"noreferrer noopener\"><u>Selwo Marina<\/u><\/a><\/strong>. Etwas weiter entfernt befindet sich das Schmetterlingsmuseum <strong><a href=\"https:\/\/www.mariposariodebenalmadena.com\/\" target=\"_blank\" rel=\"noreferrer noopener\"><u>Mariposario de Benalm\u00e1dena<\/u><\/a><\/strong>. Nach eigener Auskunft ist es das gr\u00f6\u00dfte Schmetterlingsmuseum Europas, die Bewertungen sind durchweg sehr positiv. Die Anfahrt zum Museum sollte jedoch besser mit \u00f6ffentliche Verkehrsmitteln oder mit dem Taxi erfolgen.<\/p>\n\n<h2 class=\"wp-block-heading\"><strong>Was kann man in der N\u00e4he des Wohnmobilstellplatzes von Benalm\u00e1dena machen?<\/strong><\/h2>\n\n<p>Zum Besuchen der Str\u00e4nde ist der Stellplatz gut gelegen. Wer die Steigungen vermeiden m\u00f6chte, kann die lokale Busrute M-103 benutzen.<\/p>\n\n<p><strong>Alternative Wohnmobilstellpl\u00e4tze in der N\u00e4he: <a href=\"https:\/\/southcamper.com\/malaga-en-autocaravana\/informacion-sobre-area-autocaravanas-de-coin\/\"><u>Wohnmobilstellplatz in Coin<\/u><\/a><\/strong> oder der <strong><u><a href=\"https:\/\/southcamper.com\/de\/ubernachtungsmoglichkeiten-mit-dem-wohnmobil\/camping-torremolinos\/\">Camping in Torremolinos<\/a><\/u><\/strong> .<\/p>\n","protected":false},"excerpt":{"rendered":"<p>Der Wohnmobilstellplatz Dr. Lorenzo Valderrama befindet sich im Stadtteil Arroyo de la Miel von Benalmadena. Der gleichnamige Strand ist in ca. 300 Metern zu erreichen. Der Stellplatz liegt im Stadtzentrum, wo normalerweise Stadtfeste und M\u00e4rkte stattfinden. Der Bereich ist noch recht neu aber bereits sehr beliebt, was dazu f\u00fchrt, dass die gesch\u00e4tzten 25 Pl\u00e4tze f\u00fcr &#8230; <a title=\"Informationen \u00fcber den Wohnmobilstellplatz von Benalm\u00e1dena\" class=\"read-more\" href=\"https:\/\/southcamper.com\/de\/malaga-im-wohnmobil\/informationen-ueber-den-wohnmobilstellplatz-von-benalmadena\/\" aria-label=\"Mehr Informationen \u00fcber Informationen \u00fcber den Wohnmobilstellplatz von Benalm\u00e1dena\">Weiterlesen<\/a><\/p>\n","protected":false},"author":3,"featured_media":15905,"comment_status":"closed","ping_status":"closed","sticky":false,"template":"","format":"standard","meta":{"_acf_changed":false,"footnotes":""},"categories":[546],"tags":[],"class_list":["post-15956","post","type-post","status-publish","format-standard","has-post-thumbnail","hentry","category-malaga-im-wohnmobil"],"acf":[],"yoast_head":"<!-- This site is optimized with the Yoast SEO plugin v27.4 - https:\/\/yoast.com\/product\/yoast-seo-wordpress\/ -->\n<title>Informationen \u00fcber den Wohnmobilstellplatz in Benalmadena &#187; Alquiler Autocaravanas SouthCamper<\/title>\n<meta name=\"description\" content=\"Der Wohnmobilstellplatz Dr. Lorenzo Valderrama befindet sich im Stadtteil Arroyo de la Miel von Benalmadena. Der Stellplatz verf\u00fcgt \u00fcber Installationen zur Entsorgung Abwasser und Aufnahme von Frischwasser.\" \/>\n<meta name=\"robots\" content=\"index, follow, max-snippet:-1, max-image-preview:large, max-video-preview:-1\" \/>\n<link rel=\"canonical\" href=\"https:\/\/southcamper.com\/de\/malaga-im-wohnmobil\/informationen-ueber-den-wohnmobilstellplatz-von-benalmadena\/\" \/>\n<meta property=\"og:locale\" content=\"de_DE\" \/>\n<meta property=\"og:type\" content=\"article\" \/>\n<meta property=\"og:title\" content=\"Informationen \u00fcber den Wohnmobilstellplatz in Benalmadena &#187; Alquiler Autocaravanas SouthCamper\" \/>\n<meta property=\"og:description\" content=\"Der Wohnmobilstellplatz Dr. Lorenzo Valderrama befindet sich im Stadtteil Arroyo de la Miel von Benalmadena. Der Stellplatz verf\u00fcgt \u00fcber Installationen zur Entsorgung Abwasser und Aufnahme von Frischwasser.\" \/>\n<meta property=\"og:url\" content=\"https:\/\/southcamper.com\/de\/malaga-im-wohnmobil\/informationen-ueber-den-wohnmobilstellplatz-von-benalmadena\/\" \/>\n<meta property=\"og:site_name\" content=\"Alquiler Autocaravanas SouthCamper\" \/>\n<meta property=\"article:publisher\" content=\"https:\/\/www.facebook.com\/southcampexperience\" \/>\n<meta property=\"article:published_time\" content=\"2024-01-16T09:07:40+00:00\" \/>\n<meta property=\"article:modified_time\" content=\"2024-01-28T08:29:50+00:00\" \/>\n<meta property=\"og:image\" content=\"https:\/\/southcamper.com\/wp-content\/uploads\/2024\/01\/Area_Bealmadena2.jpg\" \/>\n\t<meta property=\"og:image:width\" content=\"641\" \/>\n\t<meta property=\"og:image:height\" content=\"480\" \/>\n\t<meta property=\"og:image:type\" content=\"image\/jpeg\" \/>\n<meta name=\"author\" content=\"roman\" \/>\n<meta name=\"twitter:card\" content=\"summary_large_image\" \/>\n<meta name=\"twitter:label1\" content=\"Verfasst von\" \/>\n\t<meta name=\"twitter:data1\" content=\"roman\" \/>\n\t<meta name=\"twitter:label2\" content=\"Gesch\u00e4tzte Lesezeit\" \/>\n\t<meta name=\"twitter:data2\" content=\"1\u00a0Minute\" \/>\n<!-- \/ Yoast SEO plugin. -->","yoast_head_json":{"title":"Informationen \u00fcber den Wohnmobilstellplatz in Benalmadena &#187; Alquiler Autocaravanas SouthCamper","description":"Der Wohnmobilstellplatz Dr. Lorenzo Valderrama befindet sich im Stadtteil Arroyo de la Miel von Benalmadena. Der Stellplatz verf\u00fcgt \u00fcber Installationen zur Entsorgung Abwasser und Aufnahme von Frischwasser.","robots":{"index":"index","follow":"follow","max-snippet":"max-snippet:-1","max-image-preview":"max-image-preview:large","max-video-preview":"max-video-preview:-1"},"canonical":"https:\/\/southcamper.com\/de\/malaga-im-wohnmobil\/informationen-ueber-den-wohnmobilstellplatz-von-benalmadena\/","og_locale":"de_DE","og_type":"article","og_title":"Informationen \u00fcber den Wohnmobilstellplatz in Benalmadena &#187; Alquiler Autocaravanas SouthCamper","og_description":"Der Wohnmobilstellplatz Dr. Lorenzo Valderrama befindet sich im Stadtteil Arroyo de la Miel von Benalmadena. Der Stellplatz verf\u00fcgt \u00fcber Installationen zur Entsorgung Abwasser und Aufnahme von Frischwasser.","og_url":"https:\/\/southcamper.com\/de\/malaga-im-wohnmobil\/informationen-ueber-den-wohnmobilstellplatz-von-benalmadena\/","og_site_name":"Alquiler Autocaravanas SouthCamper","article_publisher":"https:\/\/www.facebook.com\/southcampexperience","article_published_time":"2024-01-16T09:07:40+00:00","article_modified_time":"2024-01-28T08:29:50+00:00","og_image":[{"width":641,"height":480,"url":"https:\/\/southcamper.com\/wp-content\/uploads\/2024\/01\/Area_Bealmadena2.jpg","type":"image\/jpeg"}],"author":"roman","twitter_card":"summary_large_image","twitter_misc":{"Verfasst von":"roman","Gesch\u00e4tzte Lesezeit":"1\u00a0Minute"},"schema":{"@context":"https:\/\/schema.org","@graph":[{"@type":"Article","@id":"https:\/\/southcamper.com\/de\/malaga-im-wohnmobil\/informationen-ueber-den-wohnmobilstellplatz-von-benalmadena\/#article","isPartOf":{"@id":"https:\/\/southcamper.com\/de\/malaga-im-wohnmobil\/informationen-ueber-den-wohnmobilstellplatz-von-benalmadena\/"},"author":{"name":"roman","@id":"https:\/\/southcamper.com\/de\/#\/schema\/person\/bbca2f0710e6657f7799e417aa53eeaf"},"headline":"Informationen \u00fcber den Wohnmobilstellplatz von Benalm\u00e1dena","datePublished":"2024-01-16T09:07:40+00:00","dateModified":"2024-01-28T08:29:50+00:00","mainEntityOfPage":{"@id":"https:\/\/southcamper.com\/de\/malaga-im-wohnmobil\/informationen-ueber-den-wohnmobilstellplatz-von-benalmadena\/"},"wordCount":300,"publisher":{"@id":"https:\/\/southcamper.com\/de\/#organization"},"image":{"@id":"https:\/\/southcamper.com\/de\/malaga-im-wohnmobil\/informationen-ueber-den-wohnmobilstellplatz-von-benalmadena\/#primaryimage"},"thumbnailUrl":"https:\/\/southcamper.com\/wp-content\/uploads\/2024\/01\/Area_Bealmadena2.jpg","articleSection":["Malaga im Wohnmobil"],"inLanguage":"de"},{"@type":"WebPage","@id":"https:\/\/southcamper.com\/de\/malaga-im-wohnmobil\/informationen-ueber-den-wohnmobilstellplatz-von-benalmadena\/","url":"https:\/\/southcamper.com\/de\/malaga-im-wohnmobil\/informationen-ueber-den-wohnmobilstellplatz-von-benalmadena\/","name":"Informationen \u00fcber den Wohnmobilstellplatz in Benalmadena &#187; Alquiler Autocaravanas SouthCamper","isPartOf":{"@id":"https:\/\/southcamper.com\/de\/#website"},"primaryImageOfPage":{"@id":"https:\/\/southcamper.com\/de\/malaga-im-wohnmobil\/informationen-ueber-den-wohnmobilstellplatz-von-benalmadena\/#primaryimage"},"image":{"@id":"https:\/\/southcamper.com\/de\/malaga-im-wohnmobil\/informationen-ueber-den-wohnmobilstellplatz-von-benalmadena\/#primaryimage"},"thumbnailUrl":"https:\/\/southcamper.com\/wp-content\/uploads\/2024\/01\/Area_Bealmadena2.jpg","datePublished":"2024-01-16T09:07:40+00:00","dateModified":"2024-01-28T08:29:50+00:00","description":"Der Wohnmobilstellplatz Dr. Lorenzo Valderrama befindet sich im Stadtteil Arroyo de la Miel von Benalmadena. Der Stellplatz verf\u00fcgt \u00fcber Installationen zur Entsorgung Abwasser und Aufnahme von Frischwasser.","breadcrumb":{"@id":"https:\/\/southcamper.com\/de\/malaga-im-wohnmobil\/informationen-ueber-den-wohnmobilstellplatz-von-benalmadena\/#breadcrumb"},"inLanguage":"de","potentialAction":[{"@type":"ReadAction","target":["https:\/\/southcamper.com\/de\/malaga-im-wohnmobil\/informationen-ueber-den-wohnmobilstellplatz-von-benalmadena\/"]}]},{"@type":"ImageObject","inLanguage":"de","@id":"https:\/\/southcamper.com\/de\/malaga-im-wohnmobil\/informationen-ueber-den-wohnmobilstellplatz-von-benalmadena\/#primaryimage","url":"https:\/\/southcamper.com\/wp-content\/uploads\/2024\/01\/Area_Bealmadena2.jpg","contentUrl":"https:\/\/southcamper.com\/wp-content\/uploads\/2024\/01\/Area_Bealmadena2.jpg","width":641,"height":480,"caption":"area autocarvanas benalmadena, malaga"},{"@type":"BreadcrumbList","@id":"https:\/\/southcamper.com\/de\/malaga-im-wohnmobil\/informationen-ueber-den-wohnmobilstellplatz-von-benalmadena\/#breadcrumb","itemListElement":[{"@type":"ListItem","position":1,"name":"Portada","item":"https:\/\/southcamper.com\/de\/home\/"},{"@type":"ListItem","position":2,"name":"Informationen \u00fcber den Wohnmobilstellplatz von Benalm\u00e1dena"}]},{"@type":"WebSite","@id":"https:\/\/southcamper.com\/de\/#website","url":"https:\/\/southcamper.com\/de\/","name":"Alquiler Autocaravanas SouthCamper","description":"Alquiler Autocaravanas y Campers en M\u00e1laga","publisher":{"@id":"https:\/\/southcamper.com\/de\/#organization"},"potentialAction":[{"@type":"SearchAction","target":{"@type":"EntryPoint","urlTemplate":"https:\/\/southcamper.com\/de\/?s={search_term_string}"},"query-input":{"@type":"PropertyValueSpecification","valueRequired":true,"valueName":"search_term_string"}}],"inLanguage":"de"},{"@type":"Organization","@id":"https:\/\/southcamper.com\/de\/#organization","name":"Southcamper","url":"https:\/\/southcamper.com\/de\/","logo":{"@type":"ImageObject","inLanguage":"de","@id":"https:\/\/southcamper.com\/de\/#\/schema\/logo\/image\/","url":"https:\/\/southcamper.com\/wp-content\/uploads\/2020\/09\/logo-southcamp-02.png","contentUrl":"https:\/\/southcamper.com\/wp-content\/uploads\/2020\/09\/logo-southcamp-02.png","width":2049,"height":522,"caption":"Southcamper"},"image":{"@id":"https:\/\/southcamper.com\/de\/#\/schema\/logo\/image\/"},"sameAs":["https:\/\/www.facebook.com\/southcampexperience","https:\/\/www.instagram.com\/southcamper.experience\/"]},{"@type":"Person","@id":"https:\/\/southcamper.com\/de\/#\/schema\/person\/bbca2f0710e6657f7799e417aa53eeaf","name":"roman","image":{"@type":"ImageObject","inLanguage":"de","@id":"https:\/\/secure.gravatar.com\/avatar\/cdb6b694a0b28a9481d3c0adfee4bf8c7b32221d9510e911782eb70cf642f2bd?s=96&d=mm&r=g","url":"https:\/\/secure.gravatar.com\/avatar\/cdb6b694a0b28a9481d3c0adfee4bf8c7b32221d9510e911782eb70cf642f2bd?s=96&d=mm&r=g","contentUrl":"https:\/\/secure.gravatar.com\/avatar\/cdb6b694a0b28a9481d3c0adfee4bf8c7b32221d9510e911782eb70cf642f2bd?s=96&d=mm&r=g","caption":"roman"},"url":"https:\/\/southcamper.com\/de\/author\/roman\/"}]}},"_links":{"self":[{"href":"https:\/\/southcamper.com\/de\/wp-json\/wp\/v2\/posts\/15956","targetHints":{"allow":["GET"]}}],"collection":[{"href":"https:\/\/southcamper.com\/de\/wp-json\/wp\/v2\/posts"}],"about":[{"href":"https:\/\/southcamper.com\/de\/wp-json\/wp\/v2\/types\/post"}],"author":[{"embeddable":true,"href":"https:\/\/southcamper.com\/de\/wp-json\/wp\/v2\/users\/3"}],"replies":[{"embeddable":true,"href":"https:\/\/southcamper.com\/de\/wp-json\/wp\/v2\/comments?post=15956"}],"version-history":[{"count":0,"href":"https:\/\/southcamper.com\/de\/wp-json\/wp\/v2\/posts\/15956\/revisions"}],"wp:featuredmedia":[{"embeddable":true,"href":"https:\/\/southcamper.com\/de\/wp-json\/wp\/v2\/media\/15905"}],"wp:attachment":[{"href":"https:\/\/southcamper.com\/de\/wp-json\/wp\/v2\/media?parent=15956"}],"wp:term":[{"taxonomy":"category","embeddable":true,"href":"https:\/\/southcamper.com\/de\/wp-json\/wp\/v2\/categories?post=15956"},{"taxonomy":"post_tag","embeddable":true,"href":"https:\/\/southcamper.com\/de\/wp-json\/wp\/v2\/tags?post=15956"}],"curies":[{"name":"wp","href":"https:\/\/api.w.org\/{rel}","templated":true}]}}