{"id":15340,"date":"2024-01-16T09:07:40","date_gmt":"2024-01-16T09:07:40","guid":{"rendered":"https:\/\/southcamper.com\/non-classifiee\/aire-de-camping-car-a-benalmadena-toute-linformation\/"},"modified":"2024-01-28T08:38:01","modified_gmt":"2024-01-28T08:38:01","slug":"aire-de-camping-car-a-benalmadena-toute-linformation","status":"publish","type":"post","link":"https:\/\/southcamper.com\/fr\/malaga-en-camping-car\/aire-de-camping-car-a-benalmadena-toute-linformation\/","title":{"rendered":"Aire de camping-car \u00e0 Benalm\u00e1dena : toute l&#8217;information"},"content":{"rendered":"\n<p>L&#8217;<strong>aire de camping-cars Dr. Lorenzo Valderrama<\/strong> est situ\u00e9e dans le quartier Arroyo de la Miel de Benalm\u00e1dena. La plage du m\u00eame nom se trouve \u00e0 environ 300 m\u00e8tres. L&#8217;<strong>aire de stationnement pour les camping-cars est situ\u00e9e au centre du village<\/strong>, o\u00f9 se d\u00e9roulent g\u00e9n\u00e9ralement les f\u00eates et les march\u00e9s de rue.<\/p>\n\n<p>L&#8217;aire est encore un peu nouvelle mais d\u00e9j\u00e0 tr\u00e8s populaire, ce qui signifie que les <strong>25 emplacements estim\u00e9s pour les camping-cars<\/strong> se remplissent rapidement. \u00c0 l&#8217;exception du mardi soir et du mercredi matin, il est \u00e9galement possible de se garer dans les zones situ\u00e9es autour de l&#8217;aire de camping-cars.  <\/p>\n\n<p>Il <strong>dispose d&#8217;installations pour la vidange des eaux grises et des eaux us\u00e9es<\/strong>. Il y a \u00e9galement un point d&#8217;eau. L&#8217;\u00e9lectricit\u00e9 n&#8217;est pas disponible.  <strong>Les nuit\u00e9es sont limit\u00e9es \u00e0 trois jours et sont gratuites.  <\/strong><\/p>\n\n<h2 class=\"wp-block-heading\"><strong>Comment se rendre \u00e0 l&#8217;aire de camping-cars de Benalm\u00e1dena ?<\/strong><\/h2>\n\n<p>L&#8217;acc\u00e8s pour les camping-cars se fait par le nord via l&#8217;AP 7. Apr\u00e8s avoir quitt\u00e9 l&#8217;autoroute, vous traversez le village sur des routes tr\u00e8s escarp\u00e9es. Cependant, ils sont bien am\u00e9nag\u00e9s et faciles \u00e0 parcourir en camping-car. L&#8217;acc\u00e8s est \u00e9galement possible depuis la c\u00f4te.  <\/p>\n\n<p>Attention : il y a beaucoup d&#8217;\u00e9coles dans les environs et, surtout le matin et \u00e0 l&#8217;heure du d\u00e9jeuner, il y a beaucoup d&#8217;enfants dans les rues.<\/p>\n\n<p>Nous vous laissons <strong>\n  <a href=\"https:\/\/www.google.es\/maps\/place\/Area+de+Autocaravanas+Dr.+Valderrama+Benalm%C3%A1dena\/@36.593307,-4.531966,15z\/data=!4m2!3m1!1s0x0:0xec1fe8d252673000?sa=X&amp;ved=2ahUKEwjooOb9veGDAxWmVKQEHd1XCK8Q_BJ6BAhaEAA\" target=\"_blank\" rel=\"noreferrer noopener\">\n    <u>comment arriver \u00e0 l&#8217;aire de camping-cars de Benalm\u00e1dena<\/u>\n  <\/a>\n<\/strong>.<\/p>\n\n<figure class=\"wp-block-gallery has-nested-images columns-default is-cropped wp-block-gallery-1 is-layout-flex wp-block-gallery-is-layout-flex\">\n<figure class=\"wp-block-image size-large\"><img fetchpriority=\"high\" decoding=\"async\" width=\"641\" height=\"480\" data-id=\"15906\" src=\"https:\/\/southcamper.com\/wp-content\/uploads\/2024\/01\/Area_Bealmadena5.jpg\" alt=\"Aire camping-car Benalmadena\" class=\"wp-image-15906\" srcset=\"https:\/\/southcamper.com\/wp-content\/uploads\/2024\/01\/Area_Bealmadena5.jpg 641w, https:\/\/southcamper.com\/wp-content\/uploads\/2024\/01\/Area_Bealmadena5-500x374.jpg 500w\" sizes=\"(max-width: 641px) 100vw, 641px\" \/><\/figure>\n\n\n\n<figure class=\"wp-block-image size-large\"><img decoding=\"async\" width=\"641\" height=\"480\" data-id=\"15911\" src=\"https:\/\/southcamper.com\/wp-content\/uploads\/2024\/01\/Area_Bealmadena4.jpg\" alt=\"Aire camping-car Benalmadena (Malaga)\" class=\"wp-image-15911\" srcset=\"https:\/\/southcamper.com\/wp-content\/uploads\/2024\/01\/Area_Bealmadena4.jpg 641w, https:\/\/southcamper.com\/wp-content\/uploads\/2024\/01\/Area_Bealmadena4-500x374.jpg 500w\" sizes=\"(max-width: 641px) 100vw, 641px\" \/><\/figure>\n\n\n\n<figure class=\"wp-block-image size-large\"><img decoding=\"async\" width=\"641\" height=\"480\" data-id=\"15916\" src=\"https:\/\/southcamper.com\/wp-content\/uploads\/2024\/01\/Area_Bealmadena3.jpg\" alt=\"Aire camping-car en Benalmadena\" class=\"wp-image-15916\" srcset=\"https:\/\/southcamper.com\/wp-content\/uploads\/2024\/01\/Area_Bealmadena3.jpg 641w, https:\/\/southcamper.com\/wp-content\/uploads\/2024\/01\/Area_Bealmadena3-500x374.jpg 500w\" sizes=\"(max-width: 641px) 100vw, 641px\" \/><\/figure>\n<\/figure>\n\n<h2 class=\"wp-block-heading\"><strong>Conna\u00eetre Benalm\u00e1dena<\/strong><\/h2>\n\n<p>Le parc des petits animaux <strong>\n  <a href=\"https:\/\/www.selwomarina.es\/\" target=\"_blank\" rel=\"noreferrer noopener\">\n    <u>Selwo Marina<\/u>\n  <\/a>\n<\/strong> est situ\u00e9 juste \u00e0 c\u00f4t\u00e9 de l&#8217;aire de camping-cars de Benalm\u00e1dena. Un peu plus loin se trouve le mus\u00e9e des papillons <strong>\n  <a href=\"https:\/\/www.mariposariodebenalmadena.com\/\" target=\"_blank\" rel=\"noreferrer noopener\">\n    <u>Ferme aux papillons de Benalm\u00e1dena<\/u>\n  <\/a>\n<\/strong>. D&#8217;apr\u00e8s leurs propres informations, il s&#8217;agit du plus grand mus\u00e9e de papillons d&#8217;Europe et les commentaires sont toujours tr\u00e8s positifs. Cependant, il est pr\u00e9f\u00e9rable de se rendre au mus\u00e9e par les transports publics ou en taxi.<\/p>\n\n<h2 class=\"wp-block-heading\"><strong>Que peut-on visiter autour de l&#8217;aire de camping-car de Benalm\u00e1dena ?<\/strong><\/h2>\n\n<p>Le camping est bien situ\u00e9 pour visiter les plages. Si vous voulez \u00e9viter les collines, vous pouvez utiliser la ligne de bus locale M-103.<\/p>\n\n<p><strong>Autres aires de camping-cars \u00e0 proximit\u00e9: <a href=\"https:\/\/southcamper.com\/fr\/malaga-en-camping-car\/aire-de-camping-car-de-coin-tout-ce-quil-faut-savoir\/\"><u>Aire de camping-cars de Co\u00edn<\/u><\/a><\/strong> et <strong><u><a href=\"https:\/\/southcamper.com\/fr\/nuit-en-camping-car\/camping-torremolinos\/\">Camping de Torremolinos<\/a><\/u><\/strong><\/p>\n","protected":false},"excerpt":{"rendered":"<p>L&#8217;aire de camping-cars Dr. Lorenzo Valderrama est situ\u00e9e dans le quartier Arroyo de la Miel de Benalm\u00e1dena. La plage du m\u00eame nom se trouve \u00e0 environ 300 m\u00e8tres. L&#8217;aire de stationnement pour les camping-cars est situ\u00e9e au centre du village, o\u00f9 se d\u00e9roulent g\u00e9n\u00e9ralement les f\u00eates et les march\u00e9s de rue. L&#8217;aire est encore un &#8230; <a title=\"Aire de camping-car \u00e0 Benalm\u00e1dena : toute l&#8217;information\" class=\"read-more\" href=\"https:\/\/southcamper.com\/fr\/malaga-en-camping-car\/aire-de-camping-car-a-benalmadena-toute-linformation\/\" aria-label=\"En savoir plus sur Aire de camping-car \u00e0 Benalm\u00e1dena : toute l&#8217;information\">Lire la suite<\/a><\/p>\n","protected":false},"author":3,"featured_media":15904,"comment_status":"closed","ping_status":"closed","sticky":false,"template":"","format":"standard","meta":{"_acf_changed":false,"footnotes":""},"categories":[597],"tags":[],"class_list":["post-15340","post","type-post","status-publish","format-standard","has-post-thumbnail","hentry","category-malaga-en-camping-car"],"acf":[],"yoast_head":"<!-- This site is optimized with the Yoast SEO plugin v27.4 - https:\/\/yoast.com\/product\/yoast-seo-wordpress\/ -->\n<title>Information Aire de camping-car \u00e0 Benalm\u00e1dena &#187;sitename%sitename%%%.<\/title>\n<meta name=\"description\" content=\"L&#039;aire de camping-cars Dr. Lorenzo Valderrama est situ\u00e9e dans le quartier Arroyo de la Miel de Benalm\u00e1dena. Il dispose d&#039;installations pour...\" \/>\n<meta name=\"robots\" content=\"index, follow, max-snippet:-1, max-image-preview:large, max-video-preview:-1\" \/>\n<link rel=\"canonical\" href=\"https:\/\/southcamper.com\/fr\/malaga-en-camping-car\/aire-de-camping-car-a-benalmadena-toute-linformation\/\" \/>\n<meta property=\"og:locale\" content=\"fr_FR\" \/>\n<meta property=\"og:type\" content=\"article\" \/>\n<meta property=\"og:title\" content=\"Information Aire de camping-car \u00e0 Benalm\u00e1dena &#187;sitename%sitename%%%.\" \/>\n<meta property=\"og:description\" content=\"L&#039;aire de camping-cars Dr. Lorenzo Valderrama est situ\u00e9e dans le quartier Arroyo de la Miel de Benalm\u00e1dena. Il dispose d&#039;installations pour...\" \/>\n<meta property=\"og:url\" content=\"https:\/\/southcamper.com\/fr\/malaga-en-camping-car\/aire-de-camping-car-a-benalmadena-toute-linformation\/\" \/>\n<meta property=\"og:site_name\" content=\"Alquiler Autocaravanas SouthCamper\" \/>\n<meta property=\"article:publisher\" content=\"https:\/\/www.facebook.com\/southcampexperience\" \/>\n<meta property=\"article:published_time\" content=\"2024-01-16T09:07:40+00:00\" \/>\n<meta property=\"article:modified_time\" content=\"2024-01-28T08:38:01+00:00\" \/>\n<meta property=\"og:image\" content=\"https:\/\/southcamper.com\/wp-content\/uploads\/2024\/01\/Area_Bealmadena2.jpg\" \/>\n\t<meta property=\"og:image:width\" content=\"641\" \/>\n\t<meta property=\"og:image:height\" content=\"480\" \/>\n\t<meta property=\"og:image:type\" content=\"image\/jpeg\" \/>\n<meta name=\"author\" content=\"roman\" \/>\n<meta name=\"twitter:card\" content=\"summary_large_image\" \/>\n<meta name=\"twitter:label1\" content=\"\u00c9crit par\" \/>\n\t<meta name=\"twitter:data1\" content=\"roman\" \/>\n\t<meta name=\"twitter:label2\" content=\"Dur\u00e9e de lecture estim\u00e9e\" \/>\n\t<meta name=\"twitter:data2\" content=\"2 minutes\" \/>\n<!-- \/ Yoast SEO plugin. -->","yoast_head_json":{"title":"Information Aire de camping-car \u00e0 Benalm\u00e1dena &#187;sitename%sitename%%%.","description":"L'aire de camping-cars Dr. Lorenzo Valderrama est situ\u00e9e dans le quartier Arroyo de la Miel de Benalm\u00e1dena. Il dispose d'installations pour...","robots":{"index":"index","follow":"follow","max-snippet":"max-snippet:-1","max-image-preview":"max-image-preview:large","max-video-preview":"max-video-preview:-1"},"canonical":"https:\/\/southcamper.com\/fr\/malaga-en-camping-car\/aire-de-camping-car-a-benalmadena-toute-linformation\/","og_locale":"fr_FR","og_type":"article","og_title":"Information Aire de camping-car \u00e0 Benalm\u00e1dena &#187;sitename%sitename%%%.","og_description":"L'aire de camping-cars Dr. Lorenzo Valderrama est situ\u00e9e dans le quartier Arroyo de la Miel de Benalm\u00e1dena. Il dispose d'installations pour...","og_url":"https:\/\/southcamper.com\/fr\/malaga-en-camping-car\/aire-de-camping-car-a-benalmadena-toute-linformation\/","og_site_name":"Alquiler Autocaravanas SouthCamper","article_publisher":"https:\/\/www.facebook.com\/southcampexperience","article_published_time":"2024-01-16T09:07:40+00:00","article_modified_time":"2024-01-28T08:38:01+00:00","og_image":[{"width":641,"height":480,"url":"https:\/\/southcamper.com\/wp-content\/uploads\/2024\/01\/Area_Bealmadena2.jpg","type":"image\/jpeg"}],"author":"roman","twitter_card":"summary_large_image","twitter_misc":{"\u00c9crit par":"roman","Dur\u00e9e de lecture estim\u00e9e":"2 minutes"},"schema":{"@context":"https:\/\/schema.org","@graph":[{"@type":"Article","@id":"https:\/\/southcamper.com\/fr\/malaga-en-camping-car\/aire-de-camping-car-a-benalmadena-toute-linformation\/#article","isPartOf":{"@id":"https:\/\/southcamper.com\/fr\/malaga-en-camping-car\/aire-de-camping-car-a-benalmadena-toute-linformation\/"},"author":{"name":"roman","@id":"https:\/\/southcamper.com\/fr\/#\/schema\/person\/bbca2f0710e6657f7799e417aa53eeaf"},"headline":"Aire de camping-car \u00e0 Benalm\u00e1dena : toute l&#8217;information","datePublished":"2024-01-16T09:07:40+00:00","dateModified":"2024-01-28T08:38:01+00:00","mainEntityOfPage":{"@id":"https:\/\/southcamper.com\/fr\/malaga-en-camping-car\/aire-de-camping-car-a-benalmadena-toute-linformation\/"},"wordCount":404,"publisher":{"@id":"https:\/\/southcamper.com\/fr\/#organization"},"image":{"@id":"https:\/\/southcamper.com\/fr\/malaga-en-camping-car\/aire-de-camping-car-a-benalmadena-toute-linformation\/#primaryimage"},"thumbnailUrl":"https:\/\/southcamper.com\/wp-content\/uploads\/2024\/01\/Area_Bealmadena2.jpg","articleSection":["Malaga en camping-car"],"inLanguage":"fr-FR"},{"@type":"WebPage","@id":"https:\/\/southcamper.com\/fr\/malaga-en-camping-car\/aire-de-camping-car-a-benalmadena-toute-linformation\/","url":"https:\/\/southcamper.com\/fr\/malaga-en-camping-car\/aire-de-camping-car-a-benalmadena-toute-linformation\/","name":"Information Aire de camping-car \u00e0 Benalm\u00e1dena &#187;sitename%sitename%%%.","isPartOf":{"@id":"https:\/\/southcamper.com\/fr\/#website"},"primaryImageOfPage":{"@id":"https:\/\/southcamper.com\/fr\/malaga-en-camping-car\/aire-de-camping-car-a-benalmadena-toute-linformation\/#primaryimage"},"image":{"@id":"https:\/\/southcamper.com\/fr\/malaga-en-camping-car\/aire-de-camping-car-a-benalmadena-toute-linformation\/#primaryimage"},"thumbnailUrl":"https:\/\/southcamper.com\/wp-content\/uploads\/2024\/01\/Area_Bealmadena2.jpg","datePublished":"2024-01-16T09:07:40+00:00","dateModified":"2024-01-28T08:38:01+00:00","description":"L'aire de camping-cars Dr. Lorenzo Valderrama est situ\u00e9e dans le quartier Arroyo de la Miel de Benalm\u00e1dena. Il dispose d'installations pour...","breadcrumb":{"@id":"https:\/\/southcamper.com\/fr\/malaga-en-camping-car\/aire-de-camping-car-a-benalmadena-toute-linformation\/#breadcrumb"},"inLanguage":"fr-FR","potentialAction":[{"@type":"ReadAction","target":["https:\/\/southcamper.com\/fr\/malaga-en-camping-car\/aire-de-camping-car-a-benalmadena-toute-linformation\/"]}]},{"@type":"ImageObject","inLanguage":"fr-FR","@id":"https:\/\/southcamper.com\/fr\/malaga-en-camping-car\/aire-de-camping-car-a-benalmadena-toute-linformation\/#primaryimage","url":"https:\/\/southcamper.com\/wp-content\/uploads\/2024\/01\/Area_Bealmadena2.jpg","contentUrl":"https:\/\/southcamper.com\/wp-content\/uploads\/2024\/01\/Area_Bealmadena2.jpg","width":641,"height":480,"caption":"area autocarvanas benalmadena, malaga"},{"@type":"BreadcrumbList","@id":"https:\/\/southcamper.com\/fr\/malaga-en-camping-car\/aire-de-camping-car-a-benalmadena-toute-linformation\/#breadcrumb","itemListElement":[{"@type":"ListItem","position":1,"name":"Portada","item":"https:\/\/southcamper.com\/fr\/accueil\/"},{"@type":"ListItem","position":2,"name":"Aire de camping-car \u00e0 Benalm\u00e1dena : toute l&#8217;information"}]},{"@type":"WebSite","@id":"https:\/\/southcamper.com\/fr\/#website","url":"https:\/\/southcamper.com\/fr\/","name":"Alquiler Autocaravanas SouthCamper","description":"Alquiler Autocaravanas y Campers en M\u00e1laga","publisher":{"@id":"https:\/\/southcamper.com\/fr\/#organization"},"potentialAction":[{"@type":"SearchAction","target":{"@type":"EntryPoint","urlTemplate":"https:\/\/southcamper.com\/fr\/?s={search_term_string}"},"query-input":{"@type":"PropertyValueSpecification","valueRequired":true,"valueName":"search_term_string"}}],"inLanguage":"fr-FR"},{"@type":"Organization","@id":"https:\/\/southcamper.com\/fr\/#organization","name":"Southcamper","url":"https:\/\/southcamper.com\/fr\/","logo":{"@type":"ImageObject","inLanguage":"fr-FR","@id":"https:\/\/southcamper.com\/fr\/#\/schema\/logo\/image\/","url":"https:\/\/southcamper.com\/wp-content\/uploads\/2020\/09\/logo-southcamp-02.png","contentUrl":"https:\/\/southcamper.com\/wp-content\/uploads\/2020\/09\/logo-southcamp-02.png","width":2049,"height":522,"caption":"Southcamper"},"image":{"@id":"https:\/\/southcamper.com\/fr\/#\/schema\/logo\/image\/"},"sameAs":["https:\/\/www.facebook.com\/southcampexperience","https:\/\/www.instagram.com\/southcamper.experience\/"]},{"@type":"Person","@id":"https:\/\/southcamper.com\/fr\/#\/schema\/person\/bbca2f0710e6657f7799e417aa53eeaf","name":"roman","image":{"@type":"ImageObject","inLanguage":"fr-FR","@id":"https:\/\/secure.gravatar.com\/avatar\/cdb6b694a0b28a9481d3c0adfee4bf8c7b32221d9510e911782eb70cf642f2bd?s=96&d=mm&r=g","url":"https:\/\/secure.gravatar.com\/avatar\/cdb6b694a0b28a9481d3c0adfee4bf8c7b32221d9510e911782eb70cf642f2bd?s=96&d=mm&r=g","contentUrl":"https:\/\/secure.gravatar.com\/avatar\/cdb6b694a0b28a9481d3c0adfee4bf8c7b32221d9510e911782eb70cf642f2bd?s=96&d=mm&r=g","caption":"roman"},"url":"https:\/\/southcamper.com\/fr\/author\/roman\/"}]}},"_links":{"self":[{"href":"https:\/\/southcamper.com\/fr\/wp-json\/wp\/v2\/posts\/15340","targetHints":{"allow":["GET"]}}],"collection":[{"href":"https:\/\/southcamper.com\/fr\/wp-json\/wp\/v2\/posts"}],"about":[{"href":"https:\/\/southcamper.com\/fr\/wp-json\/wp\/v2\/types\/post"}],"author":[{"embeddable":true,"href":"https:\/\/southcamper.com\/fr\/wp-json\/wp\/v2\/users\/3"}],"replies":[{"embeddable":true,"href":"https:\/\/southcamper.com\/fr\/wp-json\/wp\/v2\/comments?post=15340"}],"version-history":[{"count":0,"href":"https:\/\/southcamper.com\/fr\/wp-json\/wp\/v2\/posts\/15340\/revisions"}],"wp:featuredmedia":[{"embeddable":true,"href":"https:\/\/southcamper.com\/fr\/wp-json\/wp\/v2\/media\/15904"}],"wp:attachment":[{"href":"https:\/\/southcamper.com\/fr\/wp-json\/wp\/v2\/media?parent=15340"}],"wp:term":[{"taxonomy":"category","embeddable":true,"href":"https:\/\/southcamper.com\/fr\/wp-json\/wp\/v2\/categories?post=15340"},{"taxonomy":"post_tag","embeddable":true,"href":"https:\/\/southcamper.com\/fr\/wp-json\/wp\/v2\/tags?post=15340"}],"curies":[{"name":"wp","href":"https:\/\/api.w.org\/{rel}","templated":true}]}}