{"id":15648,"date":"2021-05-31T15:50:01","date_gmt":"2021-05-31T15:50:01","guid":{"rendered":"https:\/\/southcamper.com\/non-classifiee\/chateau-de-teba-en-camping-car\/"},"modified":"2024-01-16T11:19:42","modified_gmt":"2024-01-16T11:19:42","slug":"chateau-de-teba-en-camping-car","status":"publish","type":"post","link":"https:\/\/southcamper.com\/fr\/lieux-a-visiter-avec-un-camping-car\/chateau-de-teba-en-camping-car\/","title":{"rendered":"Ch\u00e2teau de Teba en camping-car"},"content":{"rendered":"\n<p>Le ch\u00e2teau de Teba, \u00e9galement appel\u00e9 <strong>Castillo de la Estrella, est le plus grand ch\u00e2teau de toute la province de Malaga<\/strong>, avec une superficie totale de 25 000 m\u00e8tres carr\u00e9s. Le<strong> ch\u00e2teau peut \u00eatre visit\u00e9 en camping-car<\/strong>, et la visite est \u00e9galement recommand\u00e9e pour les enfants.<\/p>\n\n<p>Situ\u00e9 \u00e0 600 m\u00e8tres d&#8217;altitude, le ch\u00e2teau dominait l&#8217;entr\u00e9e de la plaine d&#8217;Antequera et l&#8217;entr\u00e9e de la cha\u00eene de Ronda. <strong>Les vues depuis le ch\u00e2teau sont \u00e9poustouflantes<\/strong> et l&#8217;on peut imaginer l&#8217;importance de cette forteresse pour toute la r\u00e9gion. Elle a \u00e9t\u00e9 <strong>construite au XIIe si\u00e8cle par les Almohades<\/strong>, bien que les vestiges actuels remontent \u00e0 l&#8217;\u00e9poque chr\u00e9tienne.<\/p>\n\n<p>Son <strong>grand moment historique fut la bataille de Teba en 1330<\/strong>, lorsque l&#8217;arm\u00e9e d&#8217;Alfonso XI, avec l&#8217;aide des chevaliers de Sir James Douglas, conquit les ch\u00e2teaux frontaliers du royaume nasride de Grenade (Ca\u00f1ete, Teba, Ardales et Tur\u00f3n).<\/p>\n\n<p>Plus tard, en 1485, le ch\u00e2teau a de nouveau jou\u00e9 un r\u00f4le important dans la conqu\u00eate de Ronda. Le ch\u00e2teau est un monument national et, depuis 2020, il fait partie du <strong>R\u00e9seau des grands ch\u00e2teaux et palais touristiques d&#8217;Espagne<\/strong>. Il est possible de visiter le ch\u00e2teau.<\/p>\n\n<p>Nous vous laissons la <strong>\n  <a href=\"https:\/\/www.google.es\/maps\/place\/Castillo+de+la+Estrella,+Teba\/@36.9799265,-4.9206467,17z\/data=!3m1!4b1!4m6!3m5!1s0xd72b0f5bfc008fd:0x8abe690838cd6f7c!8m2!3d36.9799222!4d-4.9180718!16s%2Fg%2F11dx9hczyq?entry=ttu\" target=\"_blank\" rel=\"noopener noreferrer\">localisation du Castillo de la Estrella, Teba (M\u00e1laga)<\/a>\n<\/strong>.<\/p>\n\n<h2 class=\"wp-block-heading\" id=\"donde-aparcar-para-la-visita\"><strong>O\u00f9 se garer pour la visite du camping-car ?<\/strong><\/h2>\n\n<p>Si vous souhaitez <strong>\n  <a href=\"https:\/\/southcamper.com\/alquiler-autocaravanas\/\">louer un camping-car \u00e0 Malaga<\/a>\n<\/strong> et que vous d\u00e9cidez de visiter le <strong>ch\u00e2teau de Teba,<\/strong> vous pouvez le garer dans la Calle de la Estrella, juste \u00e0 c\u00f4t\u00e9 du ch\u00e2teau, en entrant par le sud et en sortant de Teba par l&#8217;ouest sur la MA-465. C&#8217;est \u00e9galement possible dans le sens inverse.  <strong>Il est recommand\u00e9 de ne pas entrer dans le village avec le camping-car.<\/strong><\/p>\n\n<h2 class=\"wp-block-heading\" id=\"donde-dormir-con-la-autocaravana\"><strong>O\u00f9 dormir avec le camping-car ?<\/strong><\/h2>\n\n<p>Pr\u00e8s de Teba, vous pouvez dormir avec votre camping-car dans l&#8217;aire de camping-car de <strong>\n  <a href=\"https:\/\/southcamper.com\/fr\/nuit-en-camping-car\/aire-de-camping-car-a-campillos\/\">l&#8217;aire de camping-car de Campillos<\/a>\n<\/strong> ou dans celle de <strong>\n  <a href=\"https:\/\/southcamper.com\/fr\/nuit-en-camping-car\/aire-de-camping-car-alora-malaga\/\">\u00c1lora<\/a>\n<\/strong>.  <\/p>\n\n<figure class=\"wp-block-image size-large\"><img fetchpriority=\"high\" decoding=\"async\" width=\"1024\" height=\"683\" src=\"https:\/\/southcamper.com\/wp-content\/uploads\/2021\/05\/Castillo_de_Teba_5-1024x683.jpeg\" alt=\"Visite du ch&#xE2;teau de Teba en camping-car - Vue du ch&#xE2;teau\" class=\"wp-image-7782\" srcset=\"https:\/\/southcamper.com\/wp-content\/uploads\/2021\/05\/Castillo_de_Teba_5-1024x683.jpeg 1024w, https:\/\/southcamper.com\/wp-content\/uploads\/2021\/05\/Castillo_de_Teba_5-500x333.jpeg 500w, https:\/\/southcamper.com\/wp-content\/uploads\/2021\/05\/Castillo_de_Teba_5-768x512.jpeg 768w, https:\/\/southcamper.com\/wp-content\/uploads\/2021\/05\/Castillo_de_Teba_5.jpeg 1500w\" sizes=\"(max-width: 1024px) 100vw, 1024px\" \/><\/figure>\n\n<figure class=\"wp-block-image size-large\"><img decoding=\"async\" width=\"1024\" height=\"683\" src=\"https:\/\/southcamper.com\/wp-content\/uploads\/2021\/05\/Castillo_de_Teba_3-1024x683.jpeg\" alt=\"Visite du ch&#xE2;teau de Teba en camping-car - Vue du ch&#xE2;teau du village\" class=\"wp-image-7788\" srcset=\"https:\/\/southcamper.com\/wp-content\/uploads\/2021\/05\/Castillo_de_Teba_3-1024x683.jpeg 1024w, https:\/\/southcamper.com\/wp-content\/uploads\/2021\/05\/Castillo_de_Teba_3-500x333.jpeg 500w, https:\/\/southcamper.com\/wp-content\/uploads\/2021\/05\/Castillo_de_Teba_3-768x512.jpeg 768w, https:\/\/southcamper.com\/wp-content\/uploads\/2021\/05\/Castillo_de_Teba_3.jpeg 1500w\" sizes=\"(max-width: 1024px) 100vw, 1024px\" \/><\/figure>\n\n<figure class=\"wp-block-image size-large\"><img decoding=\"async\" width=\"1024\" height=\"683\" src=\"https:\/\/southcamper.com\/wp-content\/uploads\/2021\/05\/Castillo_de_Teba_7-1024x683.jpeg\" alt=\"Visiter le ch&#xE2;teau de Teba en camping-car - Les murs du ch&#xE2;teau\" class=\"wp-image-7776\" srcset=\"https:\/\/southcamper.com\/wp-content\/uploads\/2021\/05\/Castillo_de_Teba_7-1024x683.jpeg 1024w, https:\/\/southcamper.com\/wp-content\/uploads\/2021\/05\/Castillo_de_Teba_7-500x333.jpeg 500w, https:\/\/southcamper.com\/wp-content\/uploads\/2021\/05\/Castillo_de_Teba_7-768x512.jpeg 768w, https:\/\/southcamper.com\/wp-content\/uploads\/2021\/05\/Castillo_de_Teba_7.jpeg 1500w\" sizes=\"(max-width: 1024px) 100vw, 1024px\" \/><\/figure>\n\n<figure class=\"wp-block-image size-large\"><img loading=\"lazy\" decoding=\"async\" width=\"1024\" height=\"683\" src=\"https:\/\/southcamper.com\/wp-content\/uploads\/2021\/05\/Castillo_de_Teba_8-1024x683.jpeg\" alt=\"Visite du ch&#xE2;teau de Teba en camping-car - Vestiges de l'enceinte du ch&#xE2;teau\" class=\"wp-image-7773\" srcset=\"https:\/\/southcamper.com\/wp-content\/uploads\/2021\/05\/Castillo_de_Teba_8-1024x683.jpeg 1024w, https:\/\/southcamper.com\/wp-content\/uploads\/2021\/05\/Castillo_de_Teba_8-500x333.jpeg 500w, https:\/\/southcamper.com\/wp-content\/uploads\/2021\/05\/Castillo_de_Teba_8-768x512.jpeg 768w, https:\/\/southcamper.com\/wp-content\/uploads\/2021\/05\/Castillo_de_Teba_8.jpeg 1500w\" sizes=\"(max-width: 1024px) 100vw, 1024px\" \/><\/figure>\n","protected":false},"excerpt":{"rendered":"<p>Le ch\u00e2teau de Teba est le plus grand ch\u00e2teau de la province de Malaga. Le ch\u00e2teau dominait l&#8217;entr\u00e9e de la plaine d&#8217;Antequera et l&#8217;entr\u00e9e de la cha\u00eene de montagnes de Ronda.<\/p>\n","protected":false},"author":3,"featured_media":15677,"comment_status":"closed","ping_status":"closed","sticky":false,"template":"","format":"standard","meta":{"_acf_changed":false,"footnotes":""},"categories":[604,597],"tags":[598],"class_list":["post-15648","post","type-post","status-publish","format-standard","has-post-thumbnail","hentry","category-lieux-a-visiter-avec-un-camping-car","category-malaga-en-camping-car","tag-province-de-malaga"],"acf":[],"yoast_head":"<!-- This site is optimized with the Yoast SEO plugin v27.4 - https:\/\/yoast.com\/product\/yoast-seo-wordpress\/ -->\n<title>Visite du ch\u00e2teau de Teba (Malaga) en camping-car<\/title>\n<meta name=\"description\" content=\"Visite du ch\u00e2teau de Teba en camping-car. C&#039;est le plus grand ch\u00e2teau de la province de Malaga, entre Antequera et Ronda.\" \/>\n<meta name=\"robots\" content=\"index, follow, max-snippet:-1, max-image-preview:large, max-video-preview:-1\" \/>\n<link rel=\"canonical\" href=\"https:\/\/southcamper.com\/fr\/lieux-a-visiter-avec-un-camping-car\/chateau-de-teba-en-camping-car\/\" \/>\n<meta property=\"og:locale\" content=\"fr_FR\" \/>\n<meta property=\"og:type\" content=\"article\" \/>\n<meta property=\"og:title\" content=\"Visite du ch\u00e2teau de Teba (Malaga) en camping-car\" \/>\n<meta property=\"og:description\" content=\"Visite du ch\u00e2teau de Teba en camping-car. C&#039;est le plus grand ch\u00e2teau de la province de Malaga, entre Antequera et Ronda.\" \/>\n<meta property=\"og:url\" content=\"https:\/\/southcamper.com\/fr\/lieux-a-visiter-avec-un-camping-car\/chateau-de-teba-en-camping-car\/\" \/>\n<meta property=\"og:site_name\" content=\"Alquiler Autocaravanas SouthCamper\" \/>\n<meta property=\"article:publisher\" content=\"https:\/\/www.facebook.com\/southcampexperience\" \/>\n<meta property=\"article:published_time\" content=\"2021-05-31T15:50:01+00:00\" \/>\n<meta property=\"article:modified_time\" content=\"2024-01-16T11:19:42+00:00\" \/>\n<meta property=\"og:image\" content=\"https:\/\/southcamper.com\/wp-content\/uploads\/2021\/05\/Castillo_de_Teba_1.jpeg\" \/>\n\t<meta property=\"og:image:width\" content=\"1500\" \/>\n\t<meta property=\"og:image:height\" content=\"1000\" \/>\n\t<meta property=\"og:image:type\" content=\"image\/jpeg\" \/>\n<meta name=\"author\" content=\"roman\" \/>\n<meta name=\"twitter:card\" content=\"summary_large_image\" \/>\n<meta name=\"twitter:label1\" content=\"\u00c9crit par\" \/>\n\t<meta name=\"twitter:data1\" content=\"roman\" \/>\n\t<meta name=\"twitter:label2\" content=\"Dur\u00e9e de lecture estim\u00e9e\" \/>\n\t<meta name=\"twitter:data2\" content=\"2 minutes\" \/>\n<!-- \/ Yoast SEO plugin. -->","yoast_head_json":{"title":"Visite du ch\u00e2teau de Teba (Malaga) en camping-car","description":"Visite du ch\u00e2teau de Teba en camping-car. C'est le plus grand ch\u00e2teau de la province de Malaga, entre Antequera et Ronda.","robots":{"index":"index","follow":"follow","max-snippet":"max-snippet:-1","max-image-preview":"max-image-preview:large","max-video-preview":"max-video-preview:-1"},"canonical":"https:\/\/southcamper.com\/fr\/lieux-a-visiter-avec-un-camping-car\/chateau-de-teba-en-camping-car\/","og_locale":"fr_FR","og_type":"article","og_title":"Visite du ch\u00e2teau de Teba (Malaga) en camping-car","og_description":"Visite du ch\u00e2teau de Teba en camping-car. C'est le plus grand ch\u00e2teau de la province de Malaga, entre Antequera et Ronda.","og_url":"https:\/\/southcamper.com\/fr\/lieux-a-visiter-avec-un-camping-car\/chateau-de-teba-en-camping-car\/","og_site_name":"Alquiler Autocaravanas SouthCamper","article_publisher":"https:\/\/www.facebook.com\/southcampexperience","article_published_time":"2021-05-31T15:50:01+00:00","article_modified_time":"2024-01-16T11:19:42+00:00","og_image":[{"width":1500,"height":1000,"url":"https:\/\/southcamper.com\/wp-content\/uploads\/2021\/05\/Castillo_de_Teba_1.jpeg","type":"image\/jpeg"}],"author":"roman","twitter_card":"summary_large_image","twitter_misc":{"\u00c9crit par":"roman","Dur\u00e9e de lecture estim\u00e9e":"2 minutes"},"schema":{"@context":"https:\/\/schema.org","@graph":[{"@type":"Article","@id":"https:\/\/southcamper.com\/fr\/lieux-a-visiter-avec-un-camping-car\/chateau-de-teba-en-camping-car\/#article","isPartOf":{"@id":"https:\/\/southcamper.com\/fr\/lieux-a-visiter-avec-un-camping-car\/chateau-de-teba-en-camping-car\/"},"author":{"name":"roman","@id":"https:\/\/southcamper.com\/fr\/#\/schema\/person\/bbca2f0710e6657f7799e417aa53eeaf"},"headline":"Ch\u00e2teau de Teba en camping-car","datePublished":"2021-05-31T15:50:01+00:00","dateModified":"2024-01-16T11:19:42+00:00","mainEntityOfPage":{"@id":"https:\/\/southcamper.com\/fr\/lieux-a-visiter-avec-un-camping-car\/chateau-de-teba-en-camping-car\/"},"wordCount":347,"publisher":{"@id":"https:\/\/southcamper.com\/fr\/#organization"},"image":{"@id":"https:\/\/southcamper.com\/fr\/lieux-a-visiter-avec-un-camping-car\/chateau-de-teba-en-camping-car\/#primaryimage"},"thumbnailUrl":"https:\/\/southcamper.com\/wp-content\/uploads\/2021\/05\/Castillo_de_Teba_1.jpeg","keywords":["Province de Malaga"],"articleSection":["Lieux \u00e0 visiter avec un camping-car","Malaga en camping-car"],"inLanguage":"fr-FR"},{"@type":"WebPage","@id":"https:\/\/southcamper.com\/fr\/lieux-a-visiter-avec-un-camping-car\/chateau-de-teba-en-camping-car\/","url":"https:\/\/southcamper.com\/fr\/lieux-a-visiter-avec-un-camping-car\/chateau-de-teba-en-camping-car\/","name":"Visite du ch\u00e2teau de Teba (Malaga) en camping-car","isPartOf":{"@id":"https:\/\/southcamper.com\/fr\/#website"},"primaryImageOfPage":{"@id":"https:\/\/southcamper.com\/fr\/lieux-a-visiter-avec-un-camping-car\/chateau-de-teba-en-camping-car\/#primaryimage"},"image":{"@id":"https:\/\/southcamper.com\/fr\/lieux-a-visiter-avec-un-camping-car\/chateau-de-teba-en-camping-car\/#primaryimage"},"thumbnailUrl":"https:\/\/southcamper.com\/wp-content\/uploads\/2021\/05\/Castillo_de_Teba_1.jpeg","datePublished":"2021-05-31T15:50:01+00:00","dateModified":"2024-01-16T11:19:42+00:00","description":"Visite du ch\u00e2teau de Teba en camping-car. C'est le plus grand ch\u00e2teau de la province de Malaga, entre Antequera et Ronda.","breadcrumb":{"@id":"https:\/\/southcamper.com\/fr\/lieux-a-visiter-avec-un-camping-car\/chateau-de-teba-en-camping-car\/#breadcrumb"},"inLanguage":"fr-FR","potentialAction":[{"@type":"ReadAction","target":["https:\/\/southcamper.com\/fr\/lieux-a-visiter-avec-un-camping-car\/chateau-de-teba-en-camping-car\/"]}]},{"@type":"ImageObject","inLanguage":"fr-FR","@id":"https:\/\/southcamper.com\/fr\/lieux-a-visiter-avec-un-camping-car\/chateau-de-teba-en-camping-car\/#primaryimage","url":"https:\/\/southcamper.com\/wp-content\/uploads\/2021\/05\/Castillo_de_Teba_1.jpeg","contentUrl":"https:\/\/southcamper.com\/wp-content\/uploads\/2021\/05\/Castillo_de_Teba_1.jpeg","width":1500,"height":1000},{"@type":"BreadcrumbList","@id":"https:\/\/southcamper.com\/fr\/lieux-a-visiter-avec-un-camping-car\/chateau-de-teba-en-camping-car\/#breadcrumb","itemListElement":[{"@type":"ListItem","position":1,"name":"Portada","item":"https:\/\/southcamper.com\/fr\/accueil\/"},{"@type":"ListItem","position":2,"name":"Ch\u00e2teau de Teba en camping-car"}]},{"@type":"WebSite","@id":"https:\/\/southcamper.com\/fr\/#website","url":"https:\/\/southcamper.com\/fr\/","name":"Alquiler Autocaravanas SouthCamper","description":"Alquiler Autocaravanas y Campers en M\u00e1laga","publisher":{"@id":"https:\/\/southcamper.com\/fr\/#organization"},"potentialAction":[{"@type":"SearchAction","target":{"@type":"EntryPoint","urlTemplate":"https:\/\/southcamper.com\/fr\/?s={search_term_string}"},"query-input":{"@type":"PropertyValueSpecification","valueRequired":true,"valueName":"search_term_string"}}],"inLanguage":"fr-FR"},{"@type":"Organization","@id":"https:\/\/southcamper.com\/fr\/#organization","name":"Southcamper","url":"https:\/\/southcamper.com\/fr\/","logo":{"@type":"ImageObject","inLanguage":"fr-FR","@id":"https:\/\/southcamper.com\/fr\/#\/schema\/logo\/image\/","url":"https:\/\/southcamper.com\/wp-content\/uploads\/2020\/09\/logo-southcamp-02.png","contentUrl":"https:\/\/southcamper.com\/wp-content\/uploads\/2020\/09\/logo-southcamp-02.png","width":2049,"height":522,"caption":"Southcamper"},"image":{"@id":"https:\/\/southcamper.com\/fr\/#\/schema\/logo\/image\/"},"sameAs":["https:\/\/www.facebook.com\/southcampexperience","https:\/\/www.instagram.com\/southcamper.experience\/"]},{"@type":"Person","@id":"https:\/\/southcamper.com\/fr\/#\/schema\/person\/bbca2f0710e6657f7799e417aa53eeaf","name":"roman","image":{"@type":"ImageObject","inLanguage":"fr-FR","@id":"https:\/\/secure.gravatar.com\/avatar\/cdb6b694a0b28a9481d3c0adfee4bf8c7b32221d9510e911782eb70cf642f2bd?s=96&d=mm&r=g","url":"https:\/\/secure.gravatar.com\/avatar\/cdb6b694a0b28a9481d3c0adfee4bf8c7b32221d9510e911782eb70cf642f2bd?s=96&d=mm&r=g","contentUrl":"https:\/\/secure.gravatar.com\/avatar\/cdb6b694a0b28a9481d3c0adfee4bf8c7b32221d9510e911782eb70cf642f2bd?s=96&d=mm&r=g","caption":"roman"},"url":"https:\/\/southcamper.com\/fr\/author\/roman\/"}]}},"_links":{"self":[{"href":"https:\/\/southcamper.com\/fr\/wp-json\/wp\/v2\/posts\/15648","targetHints":{"allow":["GET"]}}],"collection":[{"href":"https:\/\/southcamper.com\/fr\/wp-json\/wp\/v2\/posts"}],"about":[{"href":"https:\/\/southcamper.com\/fr\/wp-json\/wp\/v2\/types\/post"}],"author":[{"embeddable":true,"href":"https:\/\/southcamper.com\/fr\/wp-json\/wp\/v2\/users\/3"}],"replies":[{"embeddable":true,"href":"https:\/\/southcamper.com\/fr\/wp-json\/wp\/v2\/comments?post=15648"}],"version-history":[{"count":0,"href":"https:\/\/southcamper.com\/fr\/wp-json\/wp\/v2\/posts\/15648\/revisions"}],"wp:featuredmedia":[{"embeddable":true,"href":"https:\/\/southcamper.com\/fr\/wp-json\/wp\/v2\/media\/15677"}],"wp:attachment":[{"href":"https:\/\/southcamper.com\/fr\/wp-json\/wp\/v2\/media?parent=15648"}],"wp:term":[{"taxonomy":"category","embeddable":true,"href":"https:\/\/southcamper.com\/fr\/wp-json\/wp\/v2\/categories?post=15648"},{"taxonomy":"post_tag","embeddable":true,"href":"https:\/\/southcamper.com\/fr\/wp-json\/wp\/v2\/tags?post=15648"}],"curies":[{"name":"wp","href":"https:\/\/api.w.org\/{rel}","templated":true}]}}