{"id":15016,"date":"2021-04-23T12:21:20","date_gmt":"2021-04-23T12:21:20","guid":{"rendered":"https:\/\/southcamper.com\/geen-onderdeel-van-een-categorie\/camperplaats-alora-malaga\/"},"modified":"2024-10-22T10:09:13","modified_gmt":"2024-10-22T10:09:13","slug":"camperplaats-alora-malaga","status":"publish","type":"post","link":"https:\/\/southcamper.com\/nl\/overnachting-met-camper\/camperplaats-alora-malaga\/","title":{"rendered":"Camperplaats \u00c1lora, M\u00e1laga"},"content":{"rendered":"\n<p>Als je <strong>\n  <a href=\"https:\/\/southcamper.com\/nl\/\">een camper huren in Malaga<\/a>\n<\/strong>zal deze informatie je helpen bij het plannen van je reis.<\/p>\n\n\n\n<p>De <strong>camperplaats \u00c1lora<\/strong> ligt in het oosten, op <strong>korte afstand van het stadscentrum van \u00c1lora<\/strong>. De parkeerplaats heeft 4 plaatsen exclusief voor campers, maar er zijn meer plaatsen die ook geschikt zijn voor campers. Het gebied is gratis en heeft faciliteiten voor het legen van grijs en zwart water. Het dorpscentrum is te voet in een paar minuten te bereiken, langs een natuurlijke waterbron.  <\/p>\n\n\n\n<h2 class=\"wp-block-heading\"><strong>Over \u00c1lora<\/strong><\/h2>\n\n\n\n<p>\u00c1lora kan een goed alternatief zijn om te winkelen in de dorpswinkels, uit eten te gaan of gewoon rond te wandelen in het dorp met zijn prachtige uitzichten en Moorse kasteel. <a href=\"https:\/\/andaluciarustica.com\/castillo-de-alora.htm\" target=\"_blank\" rel=\"noreferrer noopener\">\n  <strong>Moors kasteel<\/strong>\n<\/a>. Ook opmerkelijk is het <strong>\n  <a href=\"https:\/\/visitaalora.es\/actividad\/mirador-de-cervantes\/\" target=\"_blank\" rel=\"noreferrer noopener\">Cervantes standpunt<\/a>\n<\/strong>.<\/p>\n\n\n\n<h2 class=\"wp-block-heading\"><strong>Hoe kom ik bij de camperplaats in \u00c1lora?<\/strong><\/h2>\n\n\n\n<p>Om de smalle straatjes van het dorp te vermijden, kun je het <strong>campergebied<\/strong> het beste bereiken vanuit het zuiden langs de Avenida Don Juan Calder\u00f3n. De uitgang moet in de tegenovergestelde richting zijn.<\/p>\n\n\n\n<p>We laten de <strong>\n  <a href=\"https:\/\/www.google.com\/maps\/place\/parking+autocaravana\/@36.8227758,-4.7181096,16z\/data=!4m10!1m2!2m1!1s%C3%A1rea+de+autocaravanas+%C3%81lora!3m6!1s0xd72ebea50b6ca11:0xde96be717a55fb28!8m2!3d36.8227758!4d-4.7085824!15sCh3DoXJlYSBkZSBhdXRvY2FyYXZhbmFzIMOBbG9yYVofIh3DoXJlYSBkZSBhdXRvY2FyYXZhbmFzIMOhbG9yYZIBEG1vYmlsZV9ob21lX3BhcmuaASNDaFpEU1VoTk1HOW5TMFZKUTBGblNVTlhjSFkyV2taUkVBReABAA!16s%2Fg%2F11sh03tyt6?entry=ttu\" target=\"_blank\" rel=\"noreferrer noopener\">locatie<\/a>\n<\/strong>.<\/p>\n\n\n\n<h2 class=\"wp-block-heading has-text-align-left\"><strong>Wat is er te bezoeken in de buurt van \u00c1lora?<\/strong><\/h2>\n\n\n\n<p>Er zijn bezienswaardigheden in de buurt van \u00c1lora die je met een camper kunt bezoeken. De bekendste zijn <a href=\"https:\/\/www.caminitodelrey.info\/\" target=\"_blank\" rel=\"noreferrer noopener\"><br>  <strong>De Caminito del Rey<\/strong><br><\/a> De <a href=\"http:\/\/viajesalaprehistoria.com\/visita-a-la-cueva-de-ardales-malaga\/\" target=\"_blank\" rel=\"noreferrer noopener\"><br>  <strong>Grot van Ardales<\/strong><br><\/a> o <strong><br>  <a href=\"https:\/\/www.malaga.es\/es\/laprovincia\/naturaleza\/lis_cd-1696\/cuevas-de-ardales-o-de-dona-trinidad\" target=\"_blank\" rel=\"noreferrer noopener\">Grot van Do\u00f1a Trinidad Grund<\/a><br><\/strong> en de <strong><br>  <a href=\"https:\/\/www.torcaldeantequera.com\/\" target=\"_blank\" rel=\"noreferrer noopener\">Torcal de Antequera<\/a><br><\/strong>.<\/p>\n\n\n\n<h2 class=\"wp-block-heading has-text-align-left\"><strong>Andere campergebieden in de buurt<\/strong><\/h2>\n\n\n\n<p>Op ongeveer 40 minuten rijden ligt het <a href=\"https:\/\/southcamper.com\/nl\/overnachting-met-camper\/camperplaats-in-campillos\/\"><strong>Campillos campergebied<\/strong> <\/a>en de <a href=\"https:\/\/southcamper.com\/nl\/overnachting-met-camper\/camping-torremolinos\/\">\n  <strong>Camping Torremolinos<\/strong>\n<\/a> aan de Middellandse Zeekust.  <\/p>\n\n\n\n<figure class=\"wp-block-image size-large\"><img fetchpriority=\"high\" decoding=\"async\" width=\"900\" height=\"600\" src=\"https:\/\/southcamper.com\/wp-content\/uploads\/2021\/04\/Area_autocaravan_Alora-8.jpg\" alt=\"uitzicht op camperplaats \u00c1lora\" class=\"wp-image-6952\" srcset=\"https:\/\/southcamper.com\/wp-content\/uploads\/2021\/04\/Area_autocaravan_Alora-8.jpg 900w, https:\/\/southcamper.com\/wp-content\/uploads\/2021\/04\/Area_autocaravan_Alora-8-500x333.jpg 500w, https:\/\/southcamper.com\/wp-content\/uploads\/2021\/04\/Area_autocaravan_Alora-8-768x512.jpg 768w\" sizes=\"(max-width: 900px) 100vw, 900px\" \/><\/figure>\n\n\n\n<figure class=\"wp-block-image size-large\"><img decoding=\"async\" width=\"900\" height=\"600\" src=\"https:\/\/southcamper.com\/wp-content\/uploads\/2021\/04\/Area_autocaravan_Alora-1.jpg\" alt=\"camper parkeerplaats \u00c1lora\" class=\"wp-image-6931\" srcset=\"https:\/\/southcamper.com\/wp-content\/uploads\/2021\/04\/Area_autocaravan_Alora-1.jpg 900w, https:\/\/southcamper.com\/wp-content\/uploads\/2021\/04\/Area_autocaravan_Alora-1-500x333.jpg 500w, https:\/\/southcamper.com\/wp-content\/uploads\/2021\/04\/Area_autocaravan_Alora-1-768x512.jpg 768w\" sizes=\"(max-width: 900px) 100vw, 900px\" \/><\/figure>\n\n\n\n<figure class=\"wp-block-image size-large is-resized\"><img decoding=\"async\" width=\"800\" height=\"600\" src=\"https:\/\/southcamper.com\/wp-content\/uploads\/2021\/04\/Area_autocaravan_Alora-2.jpg\" alt=\"camperplaatsen in \u00c1lora\" class=\"wp-image-6934\" style=\"width:836px;height:628px\" srcset=\"https:\/\/southcamper.com\/wp-content\/uploads\/2021\/04\/Area_autocaravan_Alora-2.jpg 800w, https:\/\/southcamper.com\/wp-content\/uploads\/2021\/04\/Area_autocaravan_Alora-2-500x375.jpg 500w, https:\/\/southcamper.com\/wp-content\/uploads\/2021\/04\/Area_autocaravan_Alora-2-768x576.jpg 768w\" sizes=\"(max-width: 800px) 100vw, 800px\" \/><\/figure>\n\n\n\n<figure class=\"wp-block-image size-large\"><img loading=\"lazy\" decoding=\"async\" width=\"900\" height=\"600\" src=\"https:\/\/southcamper.com\/wp-content\/uploads\/2021\/04\/Area_autocaravan_Alora-5.jpg\" alt=\"Alora dorp\" class=\"wp-image-6943\" srcset=\"https:\/\/southcamper.com\/wp-content\/uploads\/2021\/04\/Area_autocaravan_Alora-5.jpg 900w, https:\/\/southcamper.com\/wp-content\/uploads\/2021\/04\/Area_autocaravan_Alora-5-500x333.jpg 500w, https:\/\/southcamper.com\/wp-content\/uploads\/2021\/04\/Area_autocaravan_Alora-5-768x512.jpg 768w\" sizes=\"(max-width: 900px) 100vw, 900px\" \/><\/figure>\n\n\n\n<figure class=\"wp-block-image size-large is-resized\"><img loading=\"lazy\" decoding=\"async\" width=\"800\" height=\"600\" src=\"https:\/\/southcamper.com\/wp-content\/uploads\/2021\/04\/Area_autocaravan_Alora-3.jpg\" alt=\"Leegmaken van grijs water in de camperzone \u00c1lora\" class=\"wp-image-6937\" style=\"width:838px;height:628px\" srcset=\"https:\/\/southcamper.com\/wp-content\/uploads\/2021\/04\/Area_autocaravan_Alora-3.jpg 800w, https:\/\/southcamper.com\/wp-content\/uploads\/2021\/04\/Area_autocaravan_Alora-3-500x375.jpg 500w, https:\/\/southcamper.com\/wp-content\/uploads\/2021\/04\/Area_autocaravan_Alora-3-768x576.jpg 768w\" sizes=\"(max-width: 800px) 100vw, 800px\" \/><\/figure>\n\n\n\n<figure class=\"wp-block-image size-large\"><img loading=\"lazy\" decoding=\"async\" width=\"900\" height=\"600\" src=\"https:\/\/southcamper.com\/wp-content\/uploads\/2021\/04\/Area_autocaravan_Alora-4.jpg\" alt=\"Bron \u00c1lora\" class=\"wp-image-6940\" srcset=\"https:\/\/southcamper.com\/wp-content\/uploads\/2021\/04\/Area_autocaravan_Alora-4.jpg 900w, https:\/\/southcamper.com\/wp-content\/uploads\/2021\/04\/Area_autocaravan_Alora-4-500x333.jpg 500w, https:\/\/southcamper.com\/wp-content\/uploads\/2021\/04\/Area_autocaravan_Alora-4-768x512.jpg 768w\" sizes=\"(max-width: 900px) 100vw, 900px\" \/><\/figure>\n\n\n\n<figure class=\"wp-block-image size-large\"><img loading=\"lazy\" decoding=\"async\" width=\"900\" height=\"600\" src=\"https:\/\/southcamper.com\/wp-content\/uploads\/2021\/04\/Area_autocaravan_Alora-6.jpg\" alt=\"uitzicht op het dorp \u00c1lora\" class=\"wp-image-6946\" srcset=\"https:\/\/southcamper.com\/wp-content\/uploads\/2021\/04\/Area_autocaravan_Alora-6.jpg 900w, https:\/\/southcamper.com\/wp-content\/uploads\/2021\/04\/Area_autocaravan_Alora-6-500x333.jpg 500w, https:\/\/southcamper.com\/wp-content\/uploads\/2021\/04\/Area_autocaravan_Alora-6-768x512.jpg 768w\" sizes=\"(max-width: 900px) 100vw, 900px\" \/><\/figure>\n\n\n\n<figure class=\"wp-block-image size-large\"><img loading=\"lazy\" decoding=\"async\" width=\"900\" height=\"600\" src=\"https:\/\/southcamper.com\/wp-content\/uploads\/2021\/04\/Area_autocaravan_Alora-7.jpg\" alt=\"\u00c1lora straten\" class=\"wp-image-6949\" srcset=\"https:\/\/southcamper.com\/wp-content\/uploads\/2021\/04\/Area_autocaravan_Alora-7.jpg 900w, https:\/\/southcamper.com\/wp-content\/uploads\/2021\/04\/Area_autocaravan_Alora-7-500x333.jpg 500w, https:\/\/southcamper.com\/wp-content\/uploads\/2021\/04\/Area_autocaravan_Alora-7-768x512.jpg 768w\" sizes=\"(max-width: 900px) 100vw, 900px\" \/><\/figure>\n\n\n\n<figure class=\"wp-block-image size-large\"><img loading=\"lazy\" decoding=\"async\" width=\"900\" height=\"600\" src=\"https:\/\/southcamper.com\/wp-content\/uploads\/2021\/04\/Area_autocaravan_Alora-9.jpg\" alt=\"Kasteel van \u00c1lora\" class=\"wp-image-6955\" srcset=\"https:\/\/southcamper.com\/wp-content\/uploads\/2021\/04\/Area_autocaravan_Alora-9.jpg 900w, https:\/\/southcamper.com\/wp-content\/uploads\/2021\/04\/Area_autocaravan_Alora-9-500x333.jpg 500w, https:\/\/southcamper.com\/wp-content\/uploads\/2021\/04\/Area_autocaravan_Alora-9-768x512.jpg 768w\" sizes=\"(max-width: 900px) 100vw, 900px\" \/><\/figure>\n\n\n\n<figure class=\"wp-block-image size-large\"><img loading=\"lazy\" decoding=\"async\" width=\"900\" height=\"600\" src=\"https:\/\/southcamper.com\/wp-content\/uploads\/2021\/04\/Area_autocaravan_Alora-10.jpg\" alt=\"klim naar het kasteel \u00c1lora\" class=\"wp-image-6958\" srcset=\"https:\/\/southcamper.com\/wp-content\/uploads\/2021\/04\/Area_autocaravan_Alora-10.jpg 900w, https:\/\/southcamper.com\/wp-content\/uploads\/2021\/04\/Area_autocaravan_Alora-10-500x333.jpg 500w, https:\/\/southcamper.com\/wp-content\/uploads\/2021\/04\/Area_autocaravan_Alora-10-768x512.jpg 768w\" sizes=\"(max-width: 900px) 100vw, 900px\" \/><\/figure>\n","protected":false},"excerpt":{"rendered":"<p>\u00c1lora campergebied. Het ligt in het oosten, op loopafstand van het stadscentrum van \u00c1lora. De parkeerplaats heeft 4 parkeerplaatsen.<\/p>\n","protected":false},"author":3,"featured_media":16440,"comment_status":"closed","ping_status":"closed","sticky":false,"template":"","format":"standard","meta":{"_acf_changed":false,"footnotes":""},"categories":[576,574],"tags":[577,579],"class_list":["post-15016","post","type-post","status-publish","format-standard","has-post-thumbnail","hentry","category-malaga-met-de-camper","category-overnachting-met-camper","tag-provincie-malaga","tag-ronda"],"acf":[],"yoast_head":"<!-- This site is optimized with the Yoast SEO plugin v27.4 - https:\/\/yoast.com\/product\/yoast-seo-wordpress\/ -->\n<title>Camper parkeren in \u00c1lora &#187; Aanbevolen door Southcamper<\/title>\n<meta name=\"description\" content=\"\u00c1lora campergebied. Het ligt in het oosten, op korte afstand van het stadscentrum van \u00c1lora. De parkeerplaats heeft 4 parkeerplaatsen.\" \/>\n<meta name=\"robots\" content=\"index, follow, max-snippet:-1, max-image-preview:large, max-video-preview:-1\" \/>\n<link rel=\"canonical\" href=\"https:\/\/southcamper.com\/nl\/overnachting-met-camper\/camperplaats-alora-malaga\/\" \/>\n<meta property=\"og:locale\" content=\"nl_NL\" \/>\n<meta property=\"og:type\" content=\"article\" \/>\n<meta property=\"og:title\" content=\"Camper parkeren in \u00c1lora &#187; Aanbevolen door Southcamper\" \/>\n<meta property=\"og:description\" content=\"\u00c1lora campergebied. Het ligt in het oosten, op korte afstand van het stadscentrum van \u00c1lora. De parkeerplaats heeft 4 parkeerplaatsen.\" \/>\n<meta property=\"og:url\" content=\"https:\/\/southcamper.com\/nl\/overnachting-met-camper\/camperplaats-alora-malaga\/\" \/>\n<meta property=\"og:site_name\" content=\"Alquiler Autocaravanas SouthCamper\" \/>\n<meta property=\"article:publisher\" content=\"https:\/\/www.facebook.com\/southcampexperience\" \/>\n<meta property=\"article:published_time\" content=\"2021-04-23T12:21:20+00:00\" \/>\n<meta property=\"article:modified_time\" content=\"2024-10-22T10:09:13+00:00\" \/>\n<meta property=\"og:image\" content=\"https:\/\/southcamper.com\/wp-content\/uploads\/2021\/04\/Area_autocaravan_Alora-2.jpg\" \/>\n\t<meta property=\"og:image:width\" content=\"800\" \/>\n\t<meta property=\"og:image:height\" content=\"600\" \/>\n\t<meta property=\"og:image:type\" content=\"image\/jpeg\" \/>\n<meta name=\"author\" content=\"roman\" \/>\n<meta name=\"twitter:card\" content=\"summary_large_image\" \/>\n<meta name=\"twitter:label1\" content=\"Geschreven door\" \/>\n\t<meta name=\"twitter:data1\" content=\"roman\" \/>\n\t<meta name=\"twitter:label2\" content=\"Geschatte leestijd\" \/>\n\t<meta name=\"twitter:data2\" content=\"1 minuut\" \/>\n<!-- \/ Yoast SEO plugin. -->","yoast_head_json":{"title":"Camper parkeren in \u00c1lora &#187; Aanbevolen door Southcamper","description":"\u00c1lora campergebied. Het ligt in het oosten, op korte afstand van het stadscentrum van \u00c1lora. De parkeerplaats heeft 4 parkeerplaatsen.","robots":{"index":"index","follow":"follow","max-snippet":"max-snippet:-1","max-image-preview":"max-image-preview:large","max-video-preview":"max-video-preview:-1"},"canonical":"https:\/\/southcamper.com\/nl\/overnachting-met-camper\/camperplaats-alora-malaga\/","og_locale":"nl_NL","og_type":"article","og_title":"Camper parkeren in \u00c1lora &#187; Aanbevolen door Southcamper","og_description":"\u00c1lora campergebied. Het ligt in het oosten, op korte afstand van het stadscentrum van \u00c1lora. De parkeerplaats heeft 4 parkeerplaatsen.","og_url":"https:\/\/southcamper.com\/nl\/overnachting-met-camper\/camperplaats-alora-malaga\/","og_site_name":"Alquiler Autocaravanas SouthCamper","article_publisher":"https:\/\/www.facebook.com\/southcampexperience","article_published_time":"2021-04-23T12:21:20+00:00","article_modified_time":"2024-10-22T10:09:13+00:00","og_image":[{"width":800,"height":600,"url":"https:\/\/southcamper.com\/wp-content\/uploads\/2021\/04\/Area_autocaravan_Alora-2.jpg","type":"image\/jpeg"}],"author":"roman","twitter_card":"summary_large_image","twitter_misc":{"Geschreven door":"roman","Geschatte leestijd":"1 minuut"},"schema":{"@context":"https:\/\/schema.org","@graph":[{"@type":"Article","@id":"https:\/\/southcamper.com\/nl\/overnachting-met-camper\/camperplaats-alora-malaga\/#article","isPartOf":{"@id":"https:\/\/southcamper.com\/nl\/overnachting-met-camper\/camperplaats-alora-malaga\/"},"author":{"name":"roman","@id":"https:\/\/southcamper.com\/nl\/#\/schema\/person\/bbca2f0710e6657f7799e417aa53eeaf"},"headline":"Camperplaats \u00c1lora, M\u00e1laga","datePublished":"2021-04-23T12:21:20+00:00","dateModified":"2024-10-22T10:09:13+00:00","mainEntityOfPage":{"@id":"https:\/\/southcamper.com\/nl\/overnachting-met-camper\/camperplaats-alora-malaga\/"},"wordCount":241,"publisher":{"@id":"https:\/\/southcamper.com\/nl\/#organization"},"image":{"@id":"https:\/\/southcamper.com\/nl\/overnachting-met-camper\/camperplaats-alora-malaga\/#primaryimage"},"thumbnailUrl":"https:\/\/southcamper.com\/wp-content\/uploads\/2021\/04\/Area_autocaravan_Alora-2.jpg","keywords":["Provincie Malaga","Ronda"],"articleSection":["Malaga met de camper","Overnachting met camper"],"inLanguage":"nl-NL"},{"@type":"WebPage","@id":"https:\/\/southcamper.com\/nl\/overnachting-met-camper\/camperplaats-alora-malaga\/","url":"https:\/\/southcamper.com\/nl\/overnachting-met-camper\/camperplaats-alora-malaga\/","name":"Camper parkeren in \u00c1lora &#187; Aanbevolen door Southcamper","isPartOf":{"@id":"https:\/\/southcamper.com\/nl\/#website"},"primaryImageOfPage":{"@id":"https:\/\/southcamper.com\/nl\/overnachting-met-camper\/camperplaats-alora-malaga\/#primaryimage"},"image":{"@id":"https:\/\/southcamper.com\/nl\/overnachting-met-camper\/camperplaats-alora-malaga\/#primaryimage"},"thumbnailUrl":"https:\/\/southcamper.com\/wp-content\/uploads\/2021\/04\/Area_autocaravan_Alora-2.jpg","datePublished":"2021-04-23T12:21:20+00:00","dateModified":"2024-10-22T10:09:13+00:00","description":"\u00c1lora campergebied. Het ligt in het oosten, op korte afstand van het stadscentrum van \u00c1lora. De parkeerplaats heeft 4 parkeerplaatsen.","breadcrumb":{"@id":"https:\/\/southcamper.com\/nl\/overnachting-met-camper\/camperplaats-alora-malaga\/#breadcrumb"},"inLanguage":"nl-NL","potentialAction":[{"@type":"ReadAction","target":["https:\/\/southcamper.com\/nl\/overnachting-met-camper\/camperplaats-alora-malaga\/"]}]},{"@type":"ImageObject","inLanguage":"nl-NL","@id":"https:\/\/southcamper.com\/nl\/overnachting-met-camper\/camperplaats-alora-malaga\/#primaryimage","url":"https:\/\/southcamper.com\/wp-content\/uploads\/2021\/04\/Area_autocaravan_Alora-2.jpg","contentUrl":"https:\/\/southcamper.com\/wp-content\/uploads\/2021\/04\/Area_autocaravan_Alora-2.jpg","width":800,"height":600},{"@type":"BreadcrumbList","@id":"https:\/\/southcamper.com\/nl\/overnachting-met-camper\/camperplaats-alora-malaga\/#breadcrumb","itemListElement":[{"@type":"ListItem","position":1,"name":"Portada","item":"https:\/\/southcamper.com\/nl\/home\/"},{"@type":"ListItem","position":2,"name":"Camperplaats \u00c1lora, M\u00e1laga"}]},{"@type":"WebSite","@id":"https:\/\/southcamper.com\/nl\/#website","url":"https:\/\/southcamper.com\/nl\/","name":"Alquiler Autocaravanas SouthCamper","description":"Alquiler Autocaravanas y Campers en M\u00e1laga","publisher":{"@id":"https:\/\/southcamper.com\/nl\/#organization"},"potentialAction":[{"@type":"SearchAction","target":{"@type":"EntryPoint","urlTemplate":"https:\/\/southcamper.com\/nl\/?s={search_term_string}"},"query-input":{"@type":"PropertyValueSpecification","valueRequired":true,"valueName":"search_term_string"}}],"inLanguage":"nl-NL"},{"@type":"Organization","@id":"https:\/\/southcamper.com\/nl\/#organization","name":"Southcamper","url":"https:\/\/southcamper.com\/nl\/","logo":{"@type":"ImageObject","inLanguage":"nl-NL","@id":"https:\/\/southcamper.com\/nl\/#\/schema\/logo\/image\/","url":"https:\/\/southcamper.com\/wp-content\/uploads\/2020\/09\/logo-southcamp-02.png","contentUrl":"https:\/\/southcamper.com\/wp-content\/uploads\/2020\/09\/logo-southcamp-02.png","width":2049,"height":522,"caption":"Southcamper"},"image":{"@id":"https:\/\/southcamper.com\/nl\/#\/schema\/logo\/image\/"},"sameAs":["https:\/\/www.facebook.com\/southcampexperience","https:\/\/www.instagram.com\/southcamper.experience\/"]},{"@type":"Person","@id":"https:\/\/southcamper.com\/nl\/#\/schema\/person\/bbca2f0710e6657f7799e417aa53eeaf","name":"roman","image":{"@type":"ImageObject","inLanguage":"nl-NL","@id":"https:\/\/secure.gravatar.com\/avatar\/cdb6b694a0b28a9481d3c0adfee4bf8c7b32221d9510e911782eb70cf642f2bd?s=96&d=mm&r=g","url":"https:\/\/secure.gravatar.com\/avatar\/cdb6b694a0b28a9481d3c0adfee4bf8c7b32221d9510e911782eb70cf642f2bd?s=96&d=mm&r=g","contentUrl":"https:\/\/secure.gravatar.com\/avatar\/cdb6b694a0b28a9481d3c0adfee4bf8c7b32221d9510e911782eb70cf642f2bd?s=96&d=mm&r=g","caption":"roman"},"url":"https:\/\/southcamper.com\/nl\/author\/roman\/"}]}},"_links":{"self":[{"href":"https:\/\/southcamper.com\/nl\/wp-json\/wp\/v2\/posts\/15016","targetHints":{"allow":["GET"]}}],"collection":[{"href":"https:\/\/southcamper.com\/nl\/wp-json\/wp\/v2\/posts"}],"about":[{"href":"https:\/\/southcamper.com\/nl\/wp-json\/wp\/v2\/types\/post"}],"author":[{"embeddable":true,"href":"https:\/\/southcamper.com\/nl\/wp-json\/wp\/v2\/users\/3"}],"replies":[{"embeddable":true,"href":"https:\/\/southcamper.com\/nl\/wp-json\/wp\/v2\/comments?post=15016"}],"version-history":[{"count":0,"href":"https:\/\/southcamper.com\/nl\/wp-json\/wp\/v2\/posts\/15016\/revisions"}],"wp:featuredmedia":[{"embeddable":true,"href":"https:\/\/southcamper.com\/nl\/wp-json\/wp\/v2\/media\/16440"}],"wp:attachment":[{"href":"https:\/\/southcamper.com\/nl\/wp-json\/wp\/v2\/media?parent=15016"}],"wp:term":[{"taxonomy":"category","embeddable":true,"href":"https:\/\/southcamper.com\/nl\/wp-json\/wp\/v2\/categories?post=15016"},{"taxonomy":"post_tag","embeddable":true,"href":"https:\/\/southcamper.com\/nl\/wp-json\/wp\/v2\/tags?post=15016"}],"curies":[{"name":"wp","href":"https:\/\/api.w.org\/{rel}","templated":true}]}}