{"id":15174,"date":"2020-06-01T16:07:58","date_gmt":"2020-06-01T16:07:58","guid":{"rendered":"https:\/\/southcamper.com\/geen-onderdeel-van-een-categorie\/catalaans-sprekende-pyreneeen\/"},"modified":"2020-06-01T16:07:58","modified_gmt":"2020-06-01T16:07:58","slug":"catalaans-sprekende-pyreneeen","status":"publish","type":"post","link":"https:\/\/southcamper.com\/nl\/reiservaringen\/catalaans-sprekende-pyreneeen\/","title":{"rendered":"Catalaans sprekende Pyrenee\u00ebn"},"content":{"rendered":"<h2 style=\"text-align: justify;\">Catalaans sprekende Pyrenee\u00ebn<\/h2>\n<p style=\"text-align: justify;\">Een tocht door de Catalaanse Pyrenee\u00ebn met een mix van cultuur, wandelen en activiteit.<\/p>\n<h4 style=\"text-align: justify;\">Costa Brava<\/h4>\n<p style=\"text-align: justify;\">Vanuit Barcelona ging het zun\u00e4chst nach Platja d&#8217;Aro op de <a href=\"http:\/\/www.campingtreumal.com\/\">camping Treumal<\/a>. Het strand is erg mooi en heeft een eigen strand. De prijzen van de campings aan de Costa Brava zijn echter altijd laag tijdens het seizoen.<\/p>\n<div id='gallery-1' class='gallery galleryid-15174 gallery-columns-2 gallery-size-medium'><figure class='gallery-item'>\n\t\t\t<div class='gallery-icon landscape'>\n\t\t\t\t<img fetchpriority=\"high\" decoding=\"async\" width=\"300\" height=\"225\" src=\"https:\/\/southcamper.com\/wp-content\/uploads\/2020\/06\/treumal-300x225.jpg\" class=\"attachment-medium size-medium\" alt=\"\" aria-describedby=\"gallery-1-2203\" srcset=\"https:\/\/southcamper.com\/wp-content\/uploads\/2020\/06\/treumal-300x225.jpg 300w, https:\/\/southcamper.com\/wp-content\/uploads\/2020\/06\/treumal-1000x750.jpg 1000w, https:\/\/southcamper.com\/wp-content\/uploads\/2020\/06\/treumal-768x576.jpg 768w, https:\/\/southcamper.com\/wp-content\/uploads\/2020\/06\/treumal.jpg 1024w\" sizes=\"(max-width: 300px) 100vw, 300px\" \/>\n\t\t\t<\/div>\n\t\t\t\t<figcaption class='wp-caption-text gallery-caption' id='gallery-1-2203'>\n\t\t\t\tTreumal Strand\n\t\t\t\t<\/figcaption><\/figure><figure class='gallery-item'>\n\t\t\t<div class='gallery-icon landscape'>\n\t\t\t\t<img decoding=\"async\" width=\"300\" height=\"225\" src=\"https:\/\/southcamper.com\/wp-content\/uploads\/2020\/06\/camping-300x225.jpg\" class=\"attachment-medium size-medium\" alt=\"\" aria-describedby=\"gallery-1-2204\" srcset=\"https:\/\/southcamper.com\/wp-content\/uploads\/2020\/06\/camping-300x225.jpg 300w, https:\/\/southcamper.com\/wp-content\/uploads\/2020\/06\/camping-1000x750.jpg 1000w, https:\/\/southcamper.com\/wp-content\/uploads\/2020\/06\/camping-768x576.jpg 768w, https:\/\/southcamper.com\/wp-content\/uploads\/2020\/06\/camping.jpg 1024w\" sizes=\"(max-width: 300px) 100vw, 300px\" \/>\n\t\t\t<\/div>\n\t\t\t\t<figcaption class='wp-caption-text gallery-caption' id='gallery-1-2204'>\n\t\t\t\tCamping\n\t\t\t\t<\/figcaption><\/figure>\n\t\t<\/div>\n\n<p style=\"text-align: justify;\">Vanuit het meer ging het langsam hoog in de bergen. Hier vind je oude stadjes met min of meer bekende rooms-katholieke kerken.<\/p>\n<h4 style=\"text-align: justify;\">Besal\u00fa<\/h4>\n<p style=\"text-align: justify;\">In Besal\u00fa is er een grote parkeerplaats naast de oude brug. Van daaruit ga je over de bruggen en zie je het middeleeuwse stadscentrum.<\/p>\n<div id='gallery-2' class='gallery galleryid-15174 gallery-columns-2 gallery-size-medium'><figure class='gallery-item'>\n\t\t\t<div class='gallery-icon landscape'>\n\t\t\t\t<img decoding=\"async\" width=\"300\" height=\"225\" src=\"https:\/\/southcamper.com\/wp-content\/uploads\/2020\/06\/besalu-300x225.jpg\" class=\"attachment-medium size-medium\" alt=\"\" aria-describedby=\"gallery-2-2205\" srcset=\"https:\/\/southcamper.com\/wp-content\/uploads\/2020\/06\/besalu-300x225.jpg 300w, https:\/\/southcamper.com\/wp-content\/uploads\/2020\/06\/besalu-1000x750.jpg 1000w, https:\/\/southcamper.com\/wp-content\/uploads\/2020\/06\/besalu-768x576.jpg 768w, https:\/\/southcamper.com\/wp-content\/uploads\/2020\/06\/besalu.jpg 1024w\" sizes=\"(max-width: 300px) 100vw, 300px\" \/>\n\t\t\t<\/div>\n\t\t\t\t<figcaption class='wp-caption-text gallery-caption' id='gallery-2-2205'>\n\t\t\t\tBesalu\n\t\t\t\t<\/figcaption><\/figure><figure class='gallery-item'>\n\t\t\t<div class='gallery-icon landscape'>\n\t\t\t\t<img loading=\"lazy\" decoding=\"async\" width=\"300\" height=\"225\" src=\"https:\/\/southcamper.com\/wp-content\/uploads\/2020\/06\/besalu-sant-pere-300x225.jpg\" class=\"attachment-medium size-medium\" alt=\"\" aria-describedby=\"gallery-2-2206\" srcset=\"https:\/\/southcamper.com\/wp-content\/uploads\/2020\/06\/besalu-sant-pere-300x225.jpg 300w, https:\/\/southcamper.com\/wp-content\/uploads\/2020\/06\/besalu-sant-pere-1000x750.jpg 1000w, https:\/\/southcamper.com\/wp-content\/uploads\/2020\/06\/besalu-sant-pere-768x576.jpg 768w, https:\/\/southcamper.com\/wp-content\/uploads\/2020\/06\/besalu-sant-pere.jpg 1024w\" sizes=\"(max-width: 300px) 100vw, 300px\" \/>\n\t\t\t<\/div>\n\t\t\t\t<figcaption class='wp-caption-text gallery-caption' id='gallery-2-2206'>\n\t\t\t\tSant Pere\n\t\t\t\t<\/figcaption><\/figure>\n\t\t<\/div>\n\n<p style=\"text-align: justify;\">Maaltijden in het <em>Taverna Restaurant<\/em> op het Pla\u00e7a Prat de Sant Pere.<\/p>\n<h4 style=\"text-align: justify;\">Sant Joan de les Abadesses<\/h4>\n<p style=\"text-align: justify;\">Weiter \u00fcber Sant Joan de les Abadesses mit Besichtigung der dortigen Abtei. Ook hier loopt een oude weg naar het stadscentrum. Waar de weg van de hoofdweg naar de brug leidt, is een parkeerplaats met servicefaciliteiten voor voertuigen.<\/p>\n<figure id=\"attachment_2207\" aria-describedby=\"caption-attachment-2207\" style=\"width: 395px\" class=\"wp-caption aligncenter\"><img loading=\"lazy\" decoding=\"async\" class=\"size-medium wp-image-2207\" src=\"https:\/\/southcamper.com\/wp-content\/uploads\/2020\/06\/sant-joan-augustin-300x212.jpg\" alt=\"\" width=\"405\" height=\"270\"><figcaption id=\"caption-attachment-2207\" class=\"wp-caption-text\">Sant Joan de les Abadesses &#8211; Augustinus<\/figcaption><\/figure>\n<h4 style=\"text-align: justify;\">Ripoll<\/h4>\n<p style=\"text-align: justify;\">Ripoll is een van de twee belangrijkste plaatsen voor de geschiedenis van Cataloni\u00eb.<\/p>\n<figure id=\"attachment_2208\" aria-describedby=\"caption-attachment-2208\" style=\"width: 395px\" class=\"wp-caption aligncenter\"><img loading=\"lazy\" decoding=\"async\" class=\"size-medium wp-image-2208\" src=\"https:\/\/southcamper.com\/wp-content\/uploads\/2020\/06\/ripoll-monasterio-300x222.jpg\" alt=\"\" width=\"405\" height=\"270\"><figcaption id=\"caption-attachment-2208\" class=\"wp-caption-text\">Abtei van Ripoll<\/figcaption><\/figure>\n<p style=\"text-align: justify;\">\u00dcbernachtung zentrumsnah auf dem st\u00e4dtischen Stellplatz <a href=\"https:\/\/park4night.com\/lieu\/18980\/\/ripoll-mas-pintos\/spain\/girona\">Mas Pintos<\/a> mit kostloser Wasserver- und entsorgung.<\/p>\n<p style=\"text-align: justify;\">De snelste manier om van Ripoll naar La Seu d&#8217;Urgell te komen is via Bag\u00e0 en de C-16. Wir wollten aber \u00fcber die N-260 \u00fcber Ribes de Freser und Alp. Nu hebben we nog steeds een Schlenker over die GI-400 en zijn we gefascineerd door die D\u00f6rfer, die zum Teil Skiorte zijn.<\/p>\n<h4 style=\"text-align: justify;\">La Seu d&#8217;Urgell<\/h4>\n<p style=\"text-align: justify;\">La Seu d&#8217;Urgell herbergt een van de grootste romaanse kerken. De woonkamer-mobilstellplatz in de buurt van het centrum.<\/p>\n<div id='gallery-3' class='gallery galleryid-15174 gallery-columns-2 gallery-size-medium'><figure class='gallery-item'>\n\t\t\t<div class='gallery-icon landscape'>\n\t\t\t\t<img loading=\"lazy\" decoding=\"async\" width=\"300\" height=\"225\" src=\"https:\/\/southcamper.com\/wp-content\/uploads\/2020\/06\/stellplatz-la-seu-300x225.jpg\" class=\"attachment-medium size-medium\" alt=\"\" aria-describedby=\"gallery-3-2209\" srcset=\"https:\/\/southcamper.com\/wp-content\/uploads\/2020\/06\/stellplatz-la-seu-300x225.jpg 300w, https:\/\/southcamper.com\/wp-content\/uploads\/2020\/06\/stellplatz-la-seu-1000x750.jpg 1000w, https:\/\/southcamper.com\/wp-content\/uploads\/2020\/06\/stellplatz-la-seu-768x576.jpg 768w, https:\/\/southcamper.com\/wp-content\/uploads\/2020\/06\/stellplatz-la-seu.jpg 1024w\" sizes=\"(max-width: 300px) 100vw, 300px\" \/>\n\t\t\t<\/div>\n\t\t\t\t<figcaption class='wp-caption-text gallery-caption' id='gallery-3-2209'>\n\t\t\t\tStellplatz in La Seu\n\t\t\t\t<\/figcaption><\/figure><figure class='gallery-item'>\n\t\t\t<div class='gallery-icon portrait'>\n\t\t\t\t<img loading=\"lazy\" decoding=\"async\" width=\"225\" height=\"300\" src=\"https:\/\/southcamper.com\/wp-content\/uploads\/2020\/06\/la-seu-nacht-rotated-e1591027177632-225x300.jpg\" class=\"attachment-medium size-medium\" alt=\"\" aria-describedby=\"gallery-3-2210\" srcset=\"https:\/\/southcamper.com\/wp-content\/uploads\/2020\/06\/la-seu-nacht-rotated-e1591027177632-225x300.jpg 225w, https:\/\/southcamper.com\/wp-content\/uploads\/2020\/06\/la-seu-nacht-rotated-e1591027177632-1000x1333.jpg 1000w, https:\/\/southcamper.com\/wp-content\/uploads\/2020\/06\/la-seu-nacht-rotated-e1591027177632-768x1024.jpg 768w, https:\/\/southcamper.com\/wp-content\/uploads\/2020\/06\/la-seu-nacht-rotated-e1591027177632.jpg 1024w\" sizes=\"(max-width: 225px) 100vw, 225px\" \/>\n\t\t\t<\/div>\n\t\t\t\t<figcaption class='wp-caption-text gallery-caption' id='gallery-3-2210'>\n\t\t\t\tDie Kathedrale nachts\n\t\t\t\t<\/figcaption><\/figure>\n\t\t<\/div>\n\n<figure id=\"attachment_2211\" aria-describedby=\"caption-attachment-2211\" style=\"width: 290px\" class=\"wp-caption aligncenter\"><img loading=\"lazy\" decoding=\"async\" class=\"size-medium wp-image-2211\" src=\"https:\/\/southcamper.com\/wp-content\/uploads\/2020\/06\/la-seu-vom-stellplatz-300x92.jpg\" alt=\"\" width=\"300\" height=\"270\"><figcaption id=\"caption-attachment-2211\" class=\"wp-caption-text\">La Seu vom Stellplatz aus gesehen<\/figcaption><\/figure>\n<h4 style=\"text-align: justify;\">Estierri d&#8217;\u00c0neu<\/h4>\n<p style=\"text-align: justify;\">Estierri is een klein dorp op een ideale locatie voor allerlei bergsporten. De Vall d&#8217;\u00c0neu is minder bekend dan de nabijgelegen Vall d&#8217;Aran en wordt minder vaak bezocht.<\/p>\n<div id='gallery-4' class='gallery galleryid-15174 gallery-columns-2 gallery-size-medium'><figure class='gallery-item'>\n\t\t\t<div class='gallery-icon landscape'>\n\t\t\t\t<img loading=\"lazy\" decoding=\"async\" width=\"300\" height=\"225\" src=\"https:\/\/southcamper.com\/wp-content\/uploads\/2020\/06\/estierri-300x225.jpg\" class=\"attachment-medium size-medium\" alt=\"\" aria-describedby=\"gallery-4-2212\" srcset=\"https:\/\/southcamper.com\/wp-content\/uploads\/2020\/06\/estierri-300x225.jpg 300w, https:\/\/southcamper.com\/wp-content\/uploads\/2020\/06\/estierri-1000x750.jpg 1000w, https:\/\/southcamper.com\/wp-content\/uploads\/2020\/06\/estierri-768x576.jpg 768w, https:\/\/southcamper.com\/wp-content\/uploads\/2020\/06\/estierri.jpg 1024w\" sizes=\"(max-width: 300px) 100vw, 300px\" \/>\n\t\t\t<\/div>\n\t\t\t\t<figcaption class='wp-caption-text gallery-caption' id='gallery-4-2212'>\n\t\t\t\tEstierri\n\t\t\t\t<\/figcaption><\/figure><figure class='gallery-item'>\n\t\t\t<div class='gallery-icon landscape'>\n\t\t\t\t<img loading=\"lazy\" decoding=\"async\" width=\"300\" height=\"225\" src=\"https:\/\/southcamper.com\/wp-content\/uploads\/2020\/06\/alte-bruecke-estierri-300x225.jpg\" class=\"attachment-medium size-medium\" alt=\"\" aria-describedby=\"gallery-4-2213\" srcset=\"https:\/\/southcamper.com\/wp-content\/uploads\/2020\/06\/alte-bruecke-estierri-300x225.jpg 300w, https:\/\/southcamper.com\/wp-content\/uploads\/2020\/06\/alte-bruecke-estierri-1000x750.jpg 1000w, https:\/\/southcamper.com\/wp-content\/uploads\/2020\/06\/alte-bruecke-estierri-768x576.jpg 768w, https:\/\/southcamper.com\/wp-content\/uploads\/2020\/06\/alte-bruecke-estierri.jpg 1024w\" sizes=\"(max-width: 300px) 100vw, 300px\" \/>\n\t\t\t<\/div>\n\t\t\t\t<figcaption class='wp-caption-text gallery-caption' id='gallery-4-2213'>\n\t\t\t\tMittelalterliche Br\u00fccke \u00fcber den R\u00edo Noguera Pallaresa\n\t\t\t\t<\/figcaption><\/figure>\n\t\t<\/div>\n\n<p style=\"text-align: justify;\">Bij <a href=\"http:\/\/esierribikes.com\/\" target=\"_blank\" rel=\"noopener noreferrer\">Esierri Bikes<\/a> zijn we gevraagd om Mountainbikes (met SPD pedalen) per e-mail op te sturen. Met de Wohnmobil waren we snel op de plaats van bestemming. De mensen daar spreken Engels en hebben Specialized en Giant mountainbikes en trailers. Bij de \u00dcbergabe van de 29&#8221;-Specialized-Rockhopper zeiden ze ons dat ze op Mittag niet meer te zien waren &#8211; bij die 35\u00b0 zeer vern\u00fcnftig &#8211; maar dat ze wel konden bevestigen als ze in deze tijd zur\u00fcckk\u00e4men.<\/p>\n<p style=\"text-align: justify;\">We hadden eerder al deze route uitgezocht: <a href=\"https:\/\/es.wikiloc.com\/rutas-mountain-bike\/centre-btt-valls-daneu-4-gerdar-1442941\">Centre BTT Valls d&#8217;\u00c0neu -4- Gerdar<\/a>. Met gut 900 H\u00f6henmetern eigentlich eine gematigde Tour, bei deutlich \u00fcber 30\u00b0 dann doch nicht so leicht. Zun\u00e4chst geht es auf Asphalt hoch zu dem verlassenen Dorf Son mit seiner romanischen Kirche. Vanaf hier heb je een mooi uitzicht over Estierri. Achter de kerk loopt een pad op en neer en eindigt bij een voorstraat, waar je een korte wandeling kunt maken. Weiter geht es auf nicht zu steilen Forststra\u00dfen, \u00fcberwiegend durch Wald. Aan het eind moet je naar de Rifugi Gerdar hinuntertragen. Hier kun je proberen buitenlanders te vinden, die van de parkeerplaats van de hut het bos in kunnen. Andere routes in verschillende soorten Schwierigkeitsgraden vind je hier: <a href=\"https:\/\/es.wikiloc.com\/rutas\/mountain-bike\/espana\/catalunya\/esterri-daneu\">MTB-routes naar Estierri<\/a>.<\/p>\n<figure id=\"attachment_2216\" aria-describedby=\"caption-attachment-2216\" style=\"width: 395px\" class=\"wp-caption aligncenter\"><img loading=\"lazy\" decoding=\"async\" class=\"size-medium wp-image-2216\" src=\"https:\/\/southcamper.com\/wp-content\/uploads\/2020\/06\/kirche-in-son-300x225.jpg\" alt=\"\" width=\"405\" height=\"270\"><figcaption id=\"caption-attachment-2216\" class=\"wp-caption-text\">Sant Just i Sant Pastor de Son del Pi<\/figcaption><\/figure>\n<p style=\"text-align: justify;\">Na het uitladen van de renners &#8211; vijf minuten na onze aankomst was er iemand &#8211; kregen we een kalme maaltijd uit onze K\u00fchlschrank, en toen stonden we op de nahen Campingplatz <a href=\"http:\/\/www.aiguestortescampingresort.com\/de\">Aig\u00fcestortes Camping Resort<\/a>. Angenehm, m\u00e4\u00dfige Preise. Danach ging es ins Dorf zum Kaffeetrinken. Auf dem Campingplatz haben wir sp\u00e4ter dann noch Wasser geweckt.<\/p>\n<h4 style=\"text-align: justify;\">Haven van Bonaigua &#8211; Vall d&#8217;Aran<\/h4>\n<p style=\"text-align: justify;\">s Ochtends ga je met de stacaravan omhoog naar de 2072 m hoge Port de la Bonaigua. Die Steigung is mit knapp 5% m\u00e4\u00dfig, und man sieht auf beiden Seiten \u00f6fter Rennradfahrer. De Pa\u00df was ook al onderdeel van de Tour de France en de Vuelta a Espa\u00f1a. De skiliften van het skigebied Baqueira-Beret en een sensationeel uitzicht. Man befindet sich hier auf der europ\u00e4ischen Hauptwasserscheide. In de omgeving ligt de Garonne, die door de Vall d&#8217;Aran naar de Atlantische Oceaan stroomt.<\/p>\n<p style=\"text-align: justify;\">Bis Betr\u00e9n braucht man ungef\u00e4hr eine Stunde.<\/p>\n<div id='gallery-5' class='gallery galleryid-15174 gallery-columns-2 gallery-size-medium'><figure class='gallery-item'>\n\t\t\t<div class='gallery-icon landscape'>\n\t\t\t\t<img loading=\"lazy\" decoding=\"async\" width=\"300\" height=\"225\" src=\"https:\/\/southcamper.com\/wp-content\/uploads\/2020\/06\/passhoehe-300x225.jpg\" class=\"attachment-medium size-medium\" alt=\"\" aria-describedby=\"gallery-5-2217\" srcset=\"https:\/\/southcamper.com\/wp-content\/uploads\/2020\/06\/passhoehe-300x225.jpg 300w, https:\/\/southcamper.com\/wp-content\/uploads\/2020\/06\/passhoehe-1000x750.jpg 1000w, https:\/\/southcamper.com\/wp-content\/uploads\/2020\/06\/passhoehe-768x576.jpg 768w, https:\/\/southcamper.com\/wp-content\/uploads\/2020\/06\/passhoehe.jpg 1024w\" sizes=\"(max-width: 300px) 100vw, 300px\" \/>\n\t\t\t<\/div>\n\t\t\t\t<figcaption class='wp-caption-text gallery-caption' id='gallery-5-2217'>\n\t\t\t\tPort de la Bonaigua\n\t\t\t\t<\/figcaption><\/figure><figure class='gallery-item'>\n\t\t\t<div class='gallery-icon landscape'>\n\t\t\t\t<img loading=\"lazy\" decoding=\"async\" width=\"300\" height=\"225\" src=\"https:\/\/southcamper.com\/wp-content\/uploads\/2020\/06\/abfahrt-ins-vall-d-aran-300x225.jpg\" class=\"attachment-medium size-medium\" alt=\"\" aria-describedby=\"gallery-5-2218\" srcset=\"https:\/\/southcamper.com\/wp-content\/uploads\/2020\/06\/abfahrt-ins-vall-d-aran-300x225.jpg 300w, https:\/\/southcamper.com\/wp-content\/uploads\/2020\/06\/abfahrt-ins-vall-d-aran-1000x750.jpg 1000w, https:\/\/southcamper.com\/wp-content\/uploads\/2020\/06\/abfahrt-ins-vall-d-aran-768x576.jpg 768w, https:\/\/southcamper.com\/wp-content\/uploads\/2020\/06\/abfahrt-ins-vall-d-aran.jpg 1024w\" sizes=\"(max-width: 300px) 100vw, 300px\" \/>\n\t\t\t<\/div>\n\t\t\t\t<figcaption class='wp-caption-text gallery-caption' id='gallery-5-2218'>\n\t\t\t\tBlick ins Vall d&#8217;Aran\n\t\t\t\t<\/figcaption><\/figure>\n\t\t<\/div>\n\n<p style=\"text-align: justify;\">Bij <a href=\"http:\/\/www.coposbike.com\/alquiler\/\">Copos Bike<\/a> in Betr\u00e9n kun je een ritje maken. Een lijst met MTB-routes is hier beschikbaar: <a href=\"http:\/\/www.visitvaldaran.com\/btt-aran-total-bike\/centro-btt\/\">Centro BTT<\/a>. MTB is de afkorting voor mountainbike, ook bekend als &#8220;Gel\u00e4ndefahrrad&#8221;. Hier kun je tochten maken in verschillende levensfasen, waaronder de eenvoudigste zonder enige vorm van belasting. We zijn die Tour 19 von Salard\u00fa aus zu den Quellen der Garonne gefahren. Na de tour moesten we terug in de stacaravan en de paarden naar het treinstation, zodat we terug konden rijden naar Salard\u00fa. Een bezoek aan de Romaanse kerk Santa Maria in Arties ligt op de route. In Salard\u00fa zijn we vervolgens verhuisd naar de <a href=\"https:\/\/park4night.com\/lieu\/19253\/\/salard%c3%ba-c-28\/spain\/lleida\">P4 Parkplatz, M\u00f2la de Salard\u00fa<\/a>. Als alternatief zijn er verschillende campings verder landinwaarts. Wie op zoek is naar een betere manier om te reizen, vindt hier precies wat hij of zij zoekt.<\/p>\n<h4 style=\"text-align: justify;\">R\u00fcckfahrt<\/h4>\n<p style=\"text-align: justify;\">Am n\u00e4chsten Tag sind wir fr\u00fch los. Zun\u00e4chst ging es \u00fcber den Tunnel von Vielha, dann \u00fcber die Grenze von Katalonien nach Arag\u00f3n und am Stausee von Baserca entlang. Dann weiter \u00fcber Lleida in insgesamt knapp knapp vier Stunden bis Sitges.<\/p>\n<figure id=\"attachment_2220\" aria-describedby=\"caption-attachment-2220\" style=\"width: 395px\" class=\"wp-caption aligncenter\"><img loading=\"lazy\" decoding=\"async\" class=\"size-medium wp-image-2220\" src=\"https:\/\/southcamper.com\/wp-content\/uploads\/2020\/06\/embalse-de-baserca-300x225.jpg\" alt=\"\" width=\"405\" height=\"270\"><figcaption id=\"caption-attachment-2220\" class=\"wp-caption-text\">Stuwmeer van Baserca<\/figcaption><\/figure>\n<h4 style=\"text-align: justify;\">Sitges<\/h4>\n<p style=\"text-align: justify;\">We hadden Sitges als laatste station uitgekozen, om nog een dag aan het meer te kunnen doorbrengen en omdat de laatste etappe dan erg kort is.<\/p>\n<p style=\"text-align: justify;\">Auto auf dem kommunalen Stellplatz abgestellt (Avinguda Cam\u00ed Pla 31, n\u00ba 37, 08870 Sitges). Met de bus naar het Bahnhof en dan verder langs de waterwegen naar het strand. In der Hochsaison gut Betrieb, aber entspannt.<\/p>\n<div id='gallery-6' class='gallery galleryid-15174 gallery-columns-2 gallery-size-medium'><figure class='gallery-item'>\n\t\t\t<div class='gallery-icon landscape'>\n\t\t\t\t<img loading=\"lazy\" decoding=\"async\" width=\"300\" height=\"225\" src=\"https:\/\/southcamper.com\/wp-content\/uploads\/2020\/06\/sitges-7-300x225.jpg\" class=\"attachment-medium size-medium\" alt=\"\" aria-describedby=\"gallery-6-2224\" srcset=\"https:\/\/southcamper.com\/wp-content\/uploads\/2020\/06\/sitges-7-300x225.jpg 300w, https:\/\/southcamper.com\/wp-content\/uploads\/2020\/06\/sitges-7-1000x750.jpg 1000w, https:\/\/southcamper.com\/wp-content\/uploads\/2020\/06\/sitges-7-768x576.jpg 768w, https:\/\/southcamper.com\/wp-content\/uploads\/2020\/06\/sitges-7.jpg 1024w\" sizes=\"(max-width: 300px) 100vw, 300px\" \/>\n\t\t\t<\/div>\n\t\t\t\t<figcaption class='wp-caption-text gallery-caption' id='gallery-6-2224'>\n\t\t\t\tSitges\n\t\t\t\t<\/figcaption><\/figure><figure class='gallery-item'>\n\t\t\t<div class='gallery-icon landscape'>\n\t\t\t\t<img loading=\"lazy\" decoding=\"async\" width=\"300\" height=\"225\" src=\"https:\/\/southcamper.com\/wp-content\/uploads\/2020\/06\/sitges-8-300x225.jpg\" class=\"attachment-medium size-medium\" alt=\"\" aria-describedby=\"gallery-6-2225\" srcset=\"https:\/\/southcamper.com\/wp-content\/uploads\/2020\/06\/sitges-8-300x225.jpg 300w, https:\/\/southcamper.com\/wp-content\/uploads\/2020\/06\/sitges-8-1000x750.jpg 1000w, https:\/\/southcamper.com\/wp-content\/uploads\/2020\/06\/sitges-8-768x576.jpg 768w, https:\/\/southcamper.com\/wp-content\/uploads\/2020\/06\/sitges-8.jpg 1024w\" sizes=\"(max-width: 300px) 100vw, 300px\" \/>\n\t\t\t<\/div>\n\t\t\t\t<figcaption class='wp-caption-text gallery-caption' id='gallery-6-2225'>\n\t\t\t\tSitges\n\t\t\t\t<\/figcaption><\/figure>\n\t\t<\/div>\n\n<figure id=\"attachment_2226\" aria-describedby=\"caption-attachment-2226\" style=\"width: 290px\" class=\"wp-caption aligncenter\"><img loading=\"lazy\" decoding=\"async\" class=\"size-medium wp-image-2226\" src=\"https:\/\/southcamper.com\/wp-content\/uploads\/2020\/06\/sitges-10-rotated-e1591027629182-225x300.jpg\" alt=\"\" width=\"300\" height=\"270\"><figcaption id=\"caption-attachment-2226\" class=\"wp-caption-text\">Sitges<\/figcaption><\/figure>\n<p style=\"text-align: justify;\">Abends an der Strandpromenade in Restaurant <em>La Santa Maria<\/em> eine Fideua (&#8220;Paella mit Nudeln&#8221;) gegessen.<\/p>\n<p style=\"text-align: justify;\">Vanaf Sitges is het nog maar een halve minuut tot aan de huismobiliteit.<\/p>\n","protected":false},"excerpt":{"rendered":"<p>Catalaans sprekende Pyrenee\u00ebn Een tocht door de Catalaanse Pyrenee\u00ebn met een mix van cultuur, wandelen en activiteit. Costa Brava Vanuit Barcelona ging het zun\u00e4chst nach Platja d&#8217;Aro op de camping Treumal. Het strand is erg mooi en heeft een eigen strand. De prijzen van de campings aan de Costa Brava zijn echter altijd laag tijdens &#8230; <a title=\"Catalaans sprekende Pyrenee\u00ebn\" class=\"read-more\" href=\"https:\/\/southcamper.com\/nl\/reiservaringen\/catalaans-sprekende-pyreneeen\/\" aria-label=\"Lees meer over Catalaans sprekende Pyrenee\u00ebn\">Lees verder<\/a><\/p>\n","protected":false},"author":3,"featured_media":0,"comment_status":"open","ping_status":"open","sticky":false,"template":"","format":"standard","meta":{"_acf_changed":false,"footnotes":""},"categories":[586],"tags":[],"class_list":["post-15174","post","type-post","status-publish","format-standard","hentry","category-reiservaringen"],"acf":[],"yoast_head":"<!-- This site is optimized with the Yoast SEO plugin v27.4 - https:\/\/yoast.com\/product\/yoast-seo-wordpress\/ -->\n<title>Catalaans sprekende Pyrenee\u00ebn &#187; Alquiler Autocaravanas SouthCamper<\/title>\n<meta name=\"robots\" content=\"index, follow, max-snippet:-1, max-image-preview:large, max-video-preview:-1\" \/>\n<link rel=\"canonical\" href=\"https:\/\/southcamper.com\/nl\/reiservaringen\/catalaans-sprekende-pyreneeen\/\" \/>\n<meta property=\"og:locale\" content=\"nl_NL\" \/>\n<meta property=\"og:type\" content=\"article\" \/>\n<meta property=\"og:title\" content=\"Catalaans sprekende Pyrenee\u00ebn &#187; Alquiler Autocaravanas SouthCamper\" \/>\n<meta property=\"og:description\" content=\"Catalaans sprekende Pyrenee\u00ebn Een tocht door de Catalaanse Pyrenee\u00ebn met een mix van cultuur, wandelen en activiteit. Costa Brava Vanuit Barcelona ging het zun\u00e4chst nach Platja d&#8217;Aro op de camping Treumal. Het strand is erg mooi en heeft een eigen strand. De prijzen van de campings aan de Costa Brava zijn echter altijd laag tijdens ... Lees verder\" \/>\n<meta property=\"og:url\" content=\"https:\/\/southcamper.com\/nl\/reiservaringen\/catalaans-sprekende-pyreneeen\/\" \/>\n<meta property=\"og:site_name\" content=\"Alquiler Autocaravanas SouthCamper\" \/>\n<meta property=\"article:publisher\" content=\"https:\/\/www.facebook.com\/southcampexperience\" \/>\n<meta property=\"article:published_time\" content=\"2020-06-01T16:07:58+00:00\" \/>\n<meta property=\"og:image\" content=\"https:\/\/southcamper.com\/wp-content\/uploads\/2020\/06\/treumal-300x225.jpg\" \/>\n<meta name=\"author\" content=\"roman\" \/>\n<meta name=\"twitter:card\" content=\"summary_large_image\" \/>\n<meta name=\"twitter:label1\" content=\"Geschreven door\" \/>\n\t<meta name=\"twitter:data1\" content=\"roman\" \/>\n\t<meta name=\"twitter:label2\" content=\"Geschatte leestijd\" \/>\n\t<meta name=\"twitter:data2\" content=\"5 minuten\" \/>\n<!-- \/ Yoast SEO plugin. -->","yoast_head_json":{"title":"Catalaans sprekende Pyrenee\u00ebn &#187; Alquiler Autocaravanas SouthCamper","robots":{"index":"index","follow":"follow","max-snippet":"max-snippet:-1","max-image-preview":"max-image-preview:large","max-video-preview":"max-video-preview:-1"},"canonical":"https:\/\/southcamper.com\/nl\/reiservaringen\/catalaans-sprekende-pyreneeen\/","og_locale":"nl_NL","og_type":"article","og_title":"Catalaans sprekende Pyrenee\u00ebn &#187; Alquiler Autocaravanas SouthCamper","og_description":"Catalaans sprekende Pyrenee\u00ebn Een tocht door de Catalaanse Pyrenee\u00ebn met een mix van cultuur, wandelen en activiteit. Costa Brava Vanuit Barcelona ging het zun\u00e4chst nach Platja d&#8217;Aro op de camping Treumal. Het strand is erg mooi en heeft een eigen strand. De prijzen van de campings aan de Costa Brava zijn echter altijd laag tijdens ... Lees verder","og_url":"https:\/\/southcamper.com\/nl\/reiservaringen\/catalaans-sprekende-pyreneeen\/","og_site_name":"Alquiler Autocaravanas SouthCamper","article_publisher":"https:\/\/www.facebook.com\/southcampexperience","article_published_time":"2020-06-01T16:07:58+00:00","og_image":[{"url":"https:\/\/southcamper.com\/wp-content\/uploads\/2020\/06\/treumal-300x225.jpg","type":"","width":"","height":""}],"author":"roman","twitter_card":"summary_large_image","twitter_misc":{"Geschreven door":"roman","Geschatte leestijd":"5 minuten"},"schema":{"@context":"https:\/\/schema.org","@graph":[{"@type":"Article","@id":"https:\/\/southcamper.com\/nl\/reiservaringen\/catalaans-sprekende-pyreneeen\/#article","isPartOf":{"@id":"https:\/\/southcamper.com\/nl\/reiservaringen\/catalaans-sprekende-pyreneeen\/"},"author":{"name":"roman","@id":"https:\/\/southcamper.com\/nl\/#\/schema\/person\/bbca2f0710e6657f7799e417aa53eeaf"},"headline":"Catalaans sprekende Pyrenee\u00ebn","datePublished":"2020-06-01T16:07:58+00:00","mainEntityOfPage":{"@id":"https:\/\/southcamper.com\/nl\/reiservaringen\/catalaans-sprekende-pyreneeen\/"},"wordCount":1058,"commentCount":0,"publisher":{"@id":"https:\/\/southcamper.com\/nl\/#organization"},"image":{"@id":"https:\/\/southcamper.com\/nl\/reiservaringen\/catalaans-sprekende-pyreneeen\/#primaryimage"},"thumbnailUrl":"https:\/\/southcamper.com\/wp-content\/uploads\/2020\/06\/sant-joan-augustin-300x212.jpg","articleSection":["Reiservaringen"],"inLanguage":"nl-NL","potentialAction":[{"@type":"CommentAction","name":"Comment","target":["https:\/\/southcamper.com\/nl\/reiservaringen\/catalaans-sprekende-pyreneeen\/#respond"]}]},{"@type":"WebPage","@id":"https:\/\/southcamper.com\/nl\/reiservaringen\/catalaans-sprekende-pyreneeen\/","url":"https:\/\/southcamper.com\/nl\/reiservaringen\/catalaans-sprekende-pyreneeen\/","name":"Catalaans sprekende Pyrenee\u00ebn &#187; Alquiler Autocaravanas SouthCamper","isPartOf":{"@id":"https:\/\/southcamper.com\/nl\/#website"},"primaryImageOfPage":{"@id":"https:\/\/southcamper.com\/nl\/reiservaringen\/catalaans-sprekende-pyreneeen\/#primaryimage"},"image":{"@id":"https:\/\/southcamper.com\/nl\/reiservaringen\/catalaans-sprekende-pyreneeen\/#primaryimage"},"thumbnailUrl":"https:\/\/southcamper.com\/wp-content\/uploads\/2020\/06\/sant-joan-augustin-300x212.jpg","datePublished":"2020-06-01T16:07:58+00:00","breadcrumb":{"@id":"https:\/\/southcamper.com\/nl\/reiservaringen\/catalaans-sprekende-pyreneeen\/#breadcrumb"},"inLanguage":"nl-NL","potentialAction":[{"@type":"ReadAction","target":["https:\/\/southcamper.com\/nl\/reiservaringen\/catalaans-sprekende-pyreneeen\/"]}]},{"@type":"ImageObject","inLanguage":"nl-NL","@id":"https:\/\/southcamper.com\/nl\/reiservaringen\/catalaans-sprekende-pyreneeen\/#primaryimage","url":"https:\/\/southcamper.com\/wp-content\/uploads\/2020\/06\/sant-joan-augustin-300x212.jpg","contentUrl":"https:\/\/southcamper.com\/wp-content\/uploads\/2020\/06\/sant-joan-augustin-300x212.jpg"},{"@type":"BreadcrumbList","@id":"https:\/\/southcamper.com\/nl\/reiservaringen\/catalaans-sprekende-pyreneeen\/#breadcrumb","itemListElement":[{"@type":"ListItem","position":1,"name":"Portada","item":"https:\/\/southcamper.com\/nl\/home\/"},{"@type":"ListItem","position":2,"name":"Catalaans sprekende Pyrenee\u00ebn"}]},{"@type":"WebSite","@id":"https:\/\/southcamper.com\/nl\/#website","url":"https:\/\/southcamper.com\/nl\/","name":"Alquiler Autocaravanas SouthCamper","description":"Alquiler Autocaravanas y Campers en M\u00e1laga","publisher":{"@id":"https:\/\/southcamper.com\/nl\/#organization"},"potentialAction":[{"@type":"SearchAction","target":{"@type":"EntryPoint","urlTemplate":"https:\/\/southcamper.com\/nl\/?s={search_term_string}"},"query-input":{"@type":"PropertyValueSpecification","valueRequired":true,"valueName":"search_term_string"}}],"inLanguage":"nl-NL"},{"@type":"Organization","@id":"https:\/\/southcamper.com\/nl\/#organization","name":"Southcamper","url":"https:\/\/southcamper.com\/nl\/","logo":{"@type":"ImageObject","inLanguage":"nl-NL","@id":"https:\/\/southcamper.com\/nl\/#\/schema\/logo\/image\/","url":"https:\/\/southcamper.com\/wp-content\/uploads\/2020\/09\/logo-southcamp-02.png","contentUrl":"https:\/\/southcamper.com\/wp-content\/uploads\/2020\/09\/logo-southcamp-02.png","width":2049,"height":522,"caption":"Southcamper"},"image":{"@id":"https:\/\/southcamper.com\/nl\/#\/schema\/logo\/image\/"},"sameAs":["https:\/\/www.facebook.com\/southcampexperience","https:\/\/www.instagram.com\/southcamper.experience\/"]},{"@type":"Person","@id":"https:\/\/southcamper.com\/nl\/#\/schema\/person\/bbca2f0710e6657f7799e417aa53eeaf","name":"roman","image":{"@type":"ImageObject","inLanguage":"nl-NL","@id":"https:\/\/secure.gravatar.com\/avatar\/cdb6b694a0b28a9481d3c0adfee4bf8c7b32221d9510e911782eb70cf642f2bd?s=96&d=mm&r=g","url":"https:\/\/secure.gravatar.com\/avatar\/cdb6b694a0b28a9481d3c0adfee4bf8c7b32221d9510e911782eb70cf642f2bd?s=96&d=mm&r=g","contentUrl":"https:\/\/secure.gravatar.com\/avatar\/cdb6b694a0b28a9481d3c0adfee4bf8c7b32221d9510e911782eb70cf642f2bd?s=96&d=mm&r=g","caption":"roman"},"url":"https:\/\/southcamper.com\/nl\/author\/roman\/"}]}},"_links":{"self":[{"href":"https:\/\/southcamper.com\/nl\/wp-json\/wp\/v2\/posts\/15174","targetHints":{"allow":["GET"]}}],"collection":[{"href":"https:\/\/southcamper.com\/nl\/wp-json\/wp\/v2\/posts"}],"about":[{"href":"https:\/\/southcamper.com\/nl\/wp-json\/wp\/v2\/types\/post"}],"author":[{"embeddable":true,"href":"https:\/\/southcamper.com\/nl\/wp-json\/wp\/v2\/users\/3"}],"replies":[{"embeddable":true,"href":"https:\/\/southcamper.com\/nl\/wp-json\/wp\/v2\/comments?post=15174"}],"version-history":[{"count":0,"href":"https:\/\/southcamper.com\/nl\/wp-json\/wp\/v2\/posts\/15174\/revisions"}],"wp:attachment":[{"href":"https:\/\/southcamper.com\/nl\/wp-json\/wp\/v2\/media?parent=15174"}],"wp:term":[{"taxonomy":"category","embeddable":true,"href":"https:\/\/southcamper.com\/nl\/wp-json\/wp\/v2\/categories?post=15174"},{"taxonomy":"post_tag","embeddable":true,"href":"https:\/\/southcamper.com\/nl\/wp-json\/wp\/v2\/tags?post=15174"}],"curies":[{"name":"wp","href":"https:\/\/api.w.org\/{rel}","templated":true}]}}